{"id":22556,"date":"2013-09-28T00:00:00","date_gmt":"2013-09-28T00:00:00","guid":{"rendered":"https:\/\/www.azureazure.com\/sin-categorizar\/museo-del-prado-de-fra-angelico-a-fortuny"},"modified":"2019-11-12T08:23:08","modified_gmt":"2019-11-12T13:23:08","slug":"la-belleza-encerrada-de-fra-angelico-a-fortuny","status":"publish","type":"post","link":"https:\/\/www.azureazure.com\/es\/cultura\/la-belleza-encerrada-de-fra-angelico-a-fortuny\/","title":{"rendered":"Museo del Prado: de Fra Angelico a Fortuny"},"content":{"rendered":"<p>Hay tanta belleza reunida en las colecciones del Museo del Prado que es imposible mostrarla de forma permanente en su totalidad. Muchas de las obras de la pinacoteca apenas se han visto: algunas est\u00e1n depositadas en los almacenes del Museo, otras se encuentran repartidas por iglesias y museos de Espa\u00f1a.<\/p>\n<p>Un gran n\u00famero de estas obras almacenadas y dispersas se muestran ahora junto a otras de la colecci\u00f3n permanente, en la exposici\u00f3n <em>La belleza encerrada. De Fra Angelico a Fortuny<\/em>, que se podr\u00e1 visitar hasta el 10 de noviembre del 2013.<\/p>\n<p><strong>Manuela Mena<\/strong>, la conservadora m\u00e1s veterana del Museo y curadora de la muestra, explica que uno de los ejes de la exposici\u00f3n es el formato \u00edntimo del cuadro de gabinete. \u201cSon cuadros y esculturas que podr\u00edan estar dentro de una casa, muy a la vista y muy pr\u00f3ximas al ojo\u201d, comenta la experta.<\/p>\n<p>La muestra est\u00e1 cargada de secretos para quien la contemple, y se ha buscado que se pregunte acerca de ellos. \u201cEl gran formato no permite un planteamiento l\u00fadico, ya que todo queda a la vista. Aqu\u00ed se pretende que el visitante fuerce su imaginaci\u00f3n frente a lo que hay delante de sus ojos\u201d, concluye <strong>Mena<\/strong>.<\/p>\n<div id=\"attachment_48466\" style=\"width: 760px\" class=\"wp-caption aligncenter\"><img loading=\"lazy\" decoding=\"async\" aria-describedby=\"caption-attachment-48466\" class=\"size-full wp-image-48466\" title=\"Captive Beauty: From Fra Angelico to Fortuny\" src=\"\/files\/Images\/Bulletins\/Culture\/captive_beauty\/Captive-Beauty01.jpg\" alt=\"Fortuny. Nude on the Beach\" width=\"750\" height=\"500\" \/><p id=\"caption-attachment-48466\" class=\"wp-caption-text\"><em>Ni\u00f1o desnudo en la playa<\/em>, de Mariano Fortuny.<\/p><\/div>\n<p>El recorrido propuesto tiene paradas en 281 piezas (entre dibujos, esculturas y pinturas) de formato peque\u00f1o, a trav\u00e9s de las que se cuenta una historia \u00edntima de la pinacoteca. Por medio de un montaje que compartimenta los espacios en 17 peque\u00f1os gabinetes, organizados por temas y en orden cronol\u00f3gico, se incita al juego por medio de ingenios expositivos: en las peque\u00f1as salas hay techos abuhardillados y arcos que aproximan las pinturas al espectador, as\u00ed como peque\u00f1as ventanas a trav\u00e9s de las cuales las piezas parecen jugar entre s\u00ed; en una c\u00e1mara oscura dieciochesca se puede ver al final de un agujero la <em>Muchacha durmiendo<\/em>, flamante \u00f3leo sobre l\u00e1mina de cobre de <strong>Luis Paret y Alc\u00e1zar<\/strong>, que se muestra por primera vez.<\/p>\n<p>En este juego en el que la mirada recorre un peque\u00f1o Prado dentro del Prado, se exhibe la maqueta original del edificio, presentada por el arquitecto del Museo, <strong>Juan de Villanueva<\/strong>, en el siglo XVIII. En un gui\u00f1o al visitante, \u00e9sta incorpora una mirilla a trav\u00e9s de la cual se enfoca <em>Un garrochista<\/em>, cuadro de gabinete de <strong>Goya<\/strong>, que fue el primero en entrar en las colecciones del Museo. \u201cLa sorpresa es muy importante\u201d, se\u00f1ala <strong>Mena<\/strong>. \u201cCon estos juegos visuales descubrimos conexiones entre los artistas y sus obras\u201d.<\/p>\n<div id=\"attachment_48466\" style=\"width: 760px\" class=\"wp-caption aligncenter\"><img loading=\"lazy\" decoding=\"async\" aria-describedby=\"caption-attachment-48466\" class=\"size-full wp-image-48466\" title=\"Captive Beauty: From Fra Angelico to Fortuny\" src=\"\/files\/Images\/Bulletins\/Culture\/captive_beauty\/Captive-Beauty02.jpg\" alt=\"David Teniers. The Temptations of St. Anthony Abad.\" width=\"750\" height=\"500\" \/><p id=\"caption-attachment-48466\" class=\"wp-caption-text\"><em>The Temptations of St. Anthony Abad<\/em> de David Teniers.<\/p><\/div>\n<p>Algunas de las pinturas expuestas son tan conocidas como la <em>Vista del jard\u00edn de la Villa M\u00e9dicis, en Roma<\/em>, \u00f3leo de <strong>Vel\u00e1zquez <\/strong>de 1630; <strong>La Anunciaci\u00f3n de Fra Angelico<\/strong>, colgada a una altura mayor de la habitual para llamar la atenci\u00f3n sobre los detalles inferiores; el magn\u00edfico <em>Autorretrato de Durero, <\/em>o <em>Los pecados capitales de El Bosco<\/em>, instalada sobre una mesa. Tambi\u00e9n se muestran obras de <strong>Rubens<\/strong>, <strong>Paret<\/strong> o <strong>Tanniers<\/strong>, junto a otras de autores no tan conocidos, y no faltan algunas de las \u00faltimas adquisiciones del Museo, entre las que destaca la an\u00f3nima tabla francesa del siglo XV, <em>La oraci\u00f3n del huerto con el donante Luis I de Orleans.<br \/>\n<\/em><\/p>\n<p>\u201cHemos decantado la grandeza y la calidad de las piezas maestras del Prado como los buscadores de oro\u201d, declara <strong>Miguel de Zuloaga<\/strong>, director del patronato del Museo. Desde que se concibi\u00f3 la idea de la exposici\u00f3n hasta el d\u00eda de su inauguraci\u00f3n pasaron dos a\u00f1os. Durante ese tiempo, algunas de las piezas han pasado por un proceso de limpieza, ya que como dice <strong>Mena<\/strong>, \u201cla belleza tambi\u00e9n est\u00e1 enterrada bajo los barnices\u201d. Una vez desenterrada, s\u00f3lo queda disfrutarla.<span style=\"color: #00aeef; font-family: georgia; font-size: 18px; vertical-align: baseline;\"> \u25a0<\/span><\/p>\n<p>&nbsp;<\/p>\n","protected":false},"excerpt":{"rendered":"<p>La pasada edici\u00f3n de la Biennale des Antiquaires de Par\u00eds ha sido calificada por los expertos la mejor realizada en a\u00f1os desde su primera edici\u00f3n en 1962.<\/p>\n","protected":false},"author":21,"featured_media":12467,"comment_status":"open","ping_status":"open","sticky":false,"template":"","format":"standard","meta":{"_acf_changed":false,"_exactmetrics_skip_tracking":false,"_exactmetrics_sitenote_active":false,"_exactmetrics_sitenote_note":"","_exactmetrics_sitenote_category":0,"footnotes":""},"categories":[6199,6015],"tags":[],"class_list":["post-22556","post","type-post","status-publish","format-standard","has-post-thumbnail","hentry","category-arte","category-cultura","category-6199","category-6015","description-off"],"acf":[],"yoast_head":"<!-- This site is optimized with the Yoast SEO Premium plugin v27.4 (Yoast SEO v27.4) - https:\/\/yoast.com\/product\/yoast-seo-premium-wordpress\/ -->\n<title>Museo del Prado: de Fra Angelico a Fortuny - AzureAzure.com<\/title>\n<meta name=\"description\" content=\"La pasada edici\u00f3n de la Biennale des Antiquaires de Par\u00eds ha sido calificada por los expertos la mejor realizada en a\u00f1os desde su primera edici\u00f3n en 1962.\" \/>\n<meta name=\"robots\" content=\"index, follow, max-snippet:-1, max-image-preview:large, max-video-preview:-1\" \/>\n<link rel=\"canonical\" href=\"https:\/\/www.azureazure.com\/es\/cultura\/la-belleza-encerrada-de-fra-angelico-a-fortuny\/\" \/>\n<meta property=\"og:locale\" content=\"es_ES\" \/>\n<meta property=\"og:type\" content=\"article\" \/>\n<meta property=\"og:title\" content=\"Museo del Prado: de Fra Angelico a Fortuny\" \/>\n<meta property=\"og:description\" content=\"La pasada edici\u00f3n de la Biennale des Antiquaires de Par\u00eds ha sido calificada por los expertos la mejor realizada en a\u00f1os desde su primera edici\u00f3n en 1962.\" \/>\n<meta property=\"og:url\" content=\"https:\/\/www.azureazure.com\/es\/cultura\/la-belleza-encerrada-de-fra-angelico-a-fortuny\/\" \/>\n<meta property=\"og:site_name\" content=\"AzureAzure.com\" \/>\n<meta property=\"article:published_time\" content=\"2013-09-28T00:00:00+00:00\" \/>\n<meta property=\"article:modified_time\" content=\"2019-11-12T13:23:08+00:00\" \/>\n<meta property=\"og:image\" content=\"https:\/\/www.azureazure.com\/wp-content\/uploads\/2019\/06\/slider-prado.jpg\" \/>\n\t<meta property=\"og:image:width\" content=\"900\" \/>\n\t<meta property=\"og:image:height\" content=\"521\" \/>\n\t<meta property=\"og:image:type\" content=\"image\/jpeg\" \/>\n<meta name=\"author\" content=\"azureazure.com\" \/>\n<meta name=\"twitter:card\" content=\"summary_large_image\" \/>\n<meta name=\"twitter:label1\" content=\"Escrito por\" \/>\n\t<meta name=\"twitter:data1\" content=\"azureazure.com\" \/>\n\t<meta name=\"twitter:label2\" content=\"Tiempo de lectura\" \/>\n\t<meta name=\"twitter:data2\" content=\"3 minutos\" \/>\n<script type=\"application\/ld+json\" class=\"yoast-schema-graph\">{\"@context\":\"https:\\\/\\\/schema.org\",\"@graph\":[{\"@type\":\"Article\",\"@id\":\"https:\\\/\\\/www.azureazure.com\\\/es\\\/cultura\\\/la-belleza-encerrada-de-fra-angelico-a-fortuny\\\/#article\",\"isPartOf\":{\"@id\":\"https:\\\/\\\/www.azureazure.com\\\/es\\\/cultura\\\/la-belleza-encerrada-de-fra-angelico-a-fortuny\\\/\"},\"author\":{\"name\":\"azureazure.com\",\"@id\":\"https:\\\/\\\/www.azureazure.com\\\/es\\\/#\\\/schema\\\/person\\\/9532a2bf58cd0dbd04d7582ace4d2252\"},\"headline\":\"Museo del Prado: de Fra Angelico a Fortuny\",\"datePublished\":\"2013-09-28T00:00:00+00:00\",\"dateModified\":\"2019-11-12T13:23:08+00:00\",\"mainEntityOfPage\":{\"@id\":\"https:\\\/\\\/www.azureazure.com\\\/es\\\/cultura\\\/la-belleza-encerrada-de-fra-angelico-a-fortuny\\\/\"},\"wordCount\":672,\"commentCount\":0,\"image\":{\"@id\":\"https:\\\/\\\/www.azureazure.com\\\/es\\\/cultura\\\/la-belleza-encerrada-de-fra-angelico-a-fortuny\\\/#primaryimage\"},\"thumbnailUrl\":\"https:\\\/\\\/www.azureazure.com\\\/wp-content\\\/uploads\\\/2019\\\/06\\\/slider-prado.jpg\",\"articleSection\":[\"Arte\",\"Cultura\"],\"inLanguage\":\"es\",\"potentialAction\":[{\"@type\":\"CommentAction\",\"name\":\"Comment\",\"target\":[\"https:\\\/\\\/www.azureazure.com\\\/es\\\/cultura\\\/la-belleza-encerrada-de-fra-angelico-a-fortuny\\\/#respond\"]}]},{\"@type\":\"WebPage\",\"@id\":\"https:\\\/\\\/www.azureazure.com\\\/es\\\/cultura\\\/la-belleza-encerrada-de-fra-angelico-a-fortuny\\\/\",\"url\":\"https:\\\/\\\/www.azureazure.com\\\/es\\\/cultura\\\/la-belleza-encerrada-de-fra-angelico-a-fortuny\\\/\",\"name\":\"Museo del Prado: de Fra Angelico a Fortuny - AzureAzure.com\",\"isPartOf\":{\"@id\":\"https:\\\/\\\/www.azureazure.com\\\/es\\\/#website\"},\"primaryImageOfPage\":{\"@id\":\"https:\\\/\\\/www.azureazure.com\\\/es\\\/cultura\\\/la-belleza-encerrada-de-fra-angelico-a-fortuny\\\/#primaryimage\"},\"image\":{\"@id\":\"https:\\\/\\\/www.azureazure.com\\\/es\\\/cultura\\\/la-belleza-encerrada-de-fra-angelico-a-fortuny\\\/#primaryimage\"},\"thumbnailUrl\":\"https:\\\/\\\/www.azureazure.com\\\/wp-content\\\/uploads\\\/2019\\\/06\\\/slider-prado.jpg\",\"datePublished\":\"2013-09-28T00:00:00+00:00\",\"dateModified\":\"2019-11-12T13:23:08+00:00\",\"author\":{\"@id\":\"https:\\\/\\\/www.azureazure.com\\\/es\\\/#\\\/schema\\\/person\\\/9532a2bf58cd0dbd04d7582ace4d2252\"},\"description\":\"La pasada edici\u00f3n de la Biennale des Antiquaires de Par\u00eds ha sido calificada por los expertos la mejor realizada en a\u00f1os desde su primera edici\u00f3n en 1962.\",\"breadcrumb\":{\"@id\":\"https:\\\/\\\/www.azureazure.com\\\/es\\\/cultura\\\/la-belleza-encerrada-de-fra-angelico-a-fortuny\\\/#breadcrumb\"},\"inLanguage\":\"es\",\"potentialAction\":[{\"@type\":\"ReadAction\",\"target\":[\"https:\\\/\\\/www.azureazure.com\\\/es\\\/cultura\\\/la-belleza-encerrada-de-fra-angelico-a-fortuny\\\/\"]}]},{\"@type\":\"ImageObject\",\"inLanguage\":\"es\",\"@id\":\"https:\\\/\\\/www.azureazure.com\\\/es\\\/cultura\\\/la-belleza-encerrada-de-fra-angelico-a-fortuny\\\/#primaryimage\",\"url\":\"https:\\\/\\\/www.azureazure.com\\\/wp-content\\\/uploads\\\/2019\\\/06\\\/slider-prado.jpg\",\"contentUrl\":\"https:\\\/\\\/www.azureazure.com\\\/wp-content\\\/uploads\\\/2019\\\/06\\\/slider-prado.jpg\",\"width\":900,\"height\":521},{\"@type\":\"BreadcrumbList\",\"@id\":\"https:\\\/\\\/www.azureazure.com\\\/es\\\/cultura\\\/la-belleza-encerrada-de-fra-angelico-a-fortuny\\\/#breadcrumb\",\"itemListElement\":[{\"@type\":\"ListItem\",\"position\":1,\"name\":\"Home\",\"item\":\"https:\\\/\\\/www.azureazure.com\\\/es\\\/\"},{\"@type\":\"ListItem\",\"position\":2,\"name\":\"Museo del Prado: de Fra Angelico a Fortuny\"}]},{\"@type\":\"WebSite\",\"@id\":\"https:\\\/\\\/www.azureazure.com\\\/es\\\/#website\",\"url\":\"https:\\\/\\\/www.azureazure.com\\\/es\\\/\",\"name\":\"AzureAzure.com\",\"description\":\"Luxury Global Magazine\",\"potentialAction\":[{\"@type\":\"SearchAction\",\"target\":{\"@type\":\"EntryPoint\",\"urlTemplate\":\"https:\\\/\\\/www.azureazure.com\\\/es\\\/?s={search_term_string}\"},\"query-input\":{\"@type\":\"PropertyValueSpecification\",\"valueRequired\":true,\"valueName\":\"search_term_string\"}}],\"inLanguage\":\"es\"},{\"@type\":\"Person\",\"@id\":\"https:\\\/\\\/www.azureazure.com\\\/es\\\/#\\\/schema\\\/person\\\/9532a2bf58cd0dbd04d7582ace4d2252\",\"name\":\"azureazure.com\",\"image\":{\"@type\":\"ImageObject\",\"inLanguage\":\"es\",\"@id\":\"https:\\\/\\\/secure.gravatar.com\\\/avatar\\\/82ea25a1865fdaf0a3e5deb0c6673e28c9af201949891e44b0a143586fcb83f4?s=96&d=mm&r=g\",\"url\":\"https:\\\/\\\/secure.gravatar.com\\\/avatar\\\/82ea25a1865fdaf0a3e5deb0c6673e28c9af201949891e44b0a143586fcb83f4?s=96&d=mm&r=g\",\"contentUrl\":\"https:\\\/\\\/secure.gravatar.com\\\/avatar\\\/82ea25a1865fdaf0a3e5deb0c6673e28c9af201949891e44b0a143586fcb83f4?s=96&d=mm&r=g\",\"caption\":\"azureazure.com\"},\"url\":\"https:\\\/\\\/www.azureazure.com\\\/es\\\/author\\\/azureazure\\\/\"}]}<\/script>\n<!-- \/ Yoast SEO Premium plugin. -->","yoast_head_json":{"title":"Museo del Prado: de Fra Angelico a Fortuny - AzureAzure.com","description":"La pasada edici\u00f3n de la Biennale des Antiquaires de Par\u00eds ha sido calificada por los expertos la mejor realizada en a\u00f1os desde su primera edici\u00f3n en 1962.","robots":{"index":"index","follow":"follow","max-snippet":"max-snippet:-1","max-image-preview":"max-image-preview:large","max-video-preview":"max-video-preview:-1"},"canonical":"https:\/\/www.azureazure.com\/es\/cultura\/la-belleza-encerrada-de-fra-angelico-a-fortuny\/","og_locale":"es_ES","og_type":"article","og_title":"Museo del Prado: de Fra Angelico a Fortuny","og_description":"La pasada edici\u00f3n de la Biennale des Antiquaires de Par\u00eds ha sido calificada por los expertos la mejor realizada en a\u00f1os desde su primera edici\u00f3n en 1962.","og_url":"https:\/\/www.azureazure.com\/es\/cultura\/la-belleza-encerrada-de-fra-angelico-a-fortuny\/","og_site_name":"AzureAzure.com","article_published_time":"2013-09-28T00:00:00+00:00","article_modified_time":"2019-11-12T13:23:08+00:00","og_image":[{"width":900,"height":521,"url":"https:\/\/www.azureazure.com\/wp-content\/uploads\/2019\/06\/slider-prado.jpg","type":"image\/jpeg"}],"author":"azureazure.com","twitter_card":"summary_large_image","twitter_misc":{"Escrito por":"azureazure.com","Tiempo de lectura":"3 minutos"},"schema":{"@context":"https:\/\/schema.org","@graph":[{"@type":"Article","@id":"https:\/\/www.azureazure.com\/es\/cultura\/la-belleza-encerrada-de-fra-angelico-a-fortuny\/#article","isPartOf":{"@id":"https:\/\/www.azureazure.com\/es\/cultura\/la-belleza-encerrada-de-fra-angelico-a-fortuny\/"},"author":{"name":"azureazure.com","@id":"https:\/\/www.azureazure.com\/es\/#\/schema\/person\/9532a2bf58cd0dbd04d7582ace4d2252"},"headline":"Museo del Prado: de Fra Angelico a Fortuny","datePublished":"2013-09-28T00:00:00+00:00","dateModified":"2019-11-12T13:23:08+00:00","mainEntityOfPage":{"@id":"https:\/\/www.azureazure.com\/es\/cultura\/la-belleza-encerrada-de-fra-angelico-a-fortuny\/"},"wordCount":672,"commentCount":0,"image":{"@id":"https:\/\/www.azureazure.com\/es\/cultura\/la-belleza-encerrada-de-fra-angelico-a-fortuny\/#primaryimage"},"thumbnailUrl":"https:\/\/www.azureazure.com\/wp-content\/uploads\/2019\/06\/slider-prado.jpg","articleSection":["Arte","Cultura"],"inLanguage":"es","potentialAction":[{"@type":"CommentAction","name":"Comment","target":["https:\/\/www.azureazure.com\/es\/cultura\/la-belleza-encerrada-de-fra-angelico-a-fortuny\/#respond"]}]},{"@type":"WebPage","@id":"https:\/\/www.azureazure.com\/es\/cultura\/la-belleza-encerrada-de-fra-angelico-a-fortuny\/","url":"https:\/\/www.azureazure.com\/es\/cultura\/la-belleza-encerrada-de-fra-angelico-a-fortuny\/","name":"Museo del Prado: de Fra Angelico a Fortuny - AzureAzure.com","isPartOf":{"@id":"https:\/\/www.azureazure.com\/es\/#website"},"primaryImageOfPage":{"@id":"https:\/\/www.azureazure.com\/es\/cultura\/la-belleza-encerrada-de-fra-angelico-a-fortuny\/#primaryimage"},"image":{"@id":"https:\/\/www.azureazure.com\/es\/cultura\/la-belleza-encerrada-de-fra-angelico-a-fortuny\/#primaryimage"},"thumbnailUrl":"https:\/\/www.azureazure.com\/wp-content\/uploads\/2019\/06\/slider-prado.jpg","datePublished":"2013-09-28T00:00:00+00:00","dateModified":"2019-11-12T13:23:08+00:00","author":{"@id":"https:\/\/www.azureazure.com\/es\/#\/schema\/person\/9532a2bf58cd0dbd04d7582ace4d2252"},"description":"La pasada edici\u00f3n de la Biennale des Antiquaires de Par\u00eds ha sido calificada por los expertos la mejor realizada en a\u00f1os desde su primera edici\u00f3n en 1962.","breadcrumb":{"@id":"https:\/\/www.azureazure.com\/es\/cultura\/la-belleza-encerrada-de-fra-angelico-a-fortuny\/#breadcrumb"},"inLanguage":"es","potentialAction":[{"@type":"ReadAction","target":["https:\/\/www.azureazure.com\/es\/cultura\/la-belleza-encerrada-de-fra-angelico-a-fortuny\/"]}]},{"@type":"ImageObject","inLanguage":"es","@id":"https:\/\/www.azureazure.com\/es\/cultura\/la-belleza-encerrada-de-fra-angelico-a-fortuny\/#primaryimage","url":"https:\/\/www.azureazure.com\/wp-content\/uploads\/2019\/06\/slider-prado.jpg","contentUrl":"https:\/\/www.azureazure.com\/wp-content\/uploads\/2019\/06\/slider-prado.jpg","width":900,"height":521},{"@type":"BreadcrumbList","@id":"https:\/\/www.azureazure.com\/es\/cultura\/la-belleza-encerrada-de-fra-angelico-a-fortuny\/#breadcrumb","itemListElement":[{"@type":"ListItem","position":1,"name":"Home","item":"https:\/\/www.azureazure.com\/es\/"},{"@type":"ListItem","position":2,"name":"Museo del Prado: de Fra Angelico a Fortuny"}]},{"@type":"WebSite","@id":"https:\/\/www.azureazure.com\/es\/#website","url":"https:\/\/www.azureazure.com\/es\/","name":"AzureAzure.com","description":"Luxury Global Magazine","potentialAction":[{"@type":"SearchAction","target":{"@type":"EntryPoint","urlTemplate":"https:\/\/www.azureazure.com\/es\/?s={search_term_string}"},"query-input":{"@type":"PropertyValueSpecification","valueRequired":true,"valueName":"search_term_string"}}],"inLanguage":"es"},{"@type":"Person","@id":"https:\/\/www.azureazure.com\/es\/#\/schema\/person\/9532a2bf58cd0dbd04d7582ace4d2252","name":"azureazure.com","image":{"@type":"ImageObject","inLanguage":"es","@id":"https:\/\/secure.gravatar.com\/avatar\/82ea25a1865fdaf0a3e5deb0c6673e28c9af201949891e44b0a143586fcb83f4?s=96&d=mm&r=g","url":"https:\/\/secure.gravatar.com\/avatar\/82ea25a1865fdaf0a3e5deb0c6673e28c9af201949891e44b0a143586fcb83f4?s=96&d=mm&r=g","contentUrl":"https:\/\/secure.gravatar.com\/avatar\/82ea25a1865fdaf0a3e5deb0c6673e28c9af201949891e44b0a143586fcb83f4?s=96&d=mm&r=g","caption":"azureazure.com"},"url":"https:\/\/www.azureazure.com\/es\/author\/azureazure\/"}]}},"_links":{"self":[{"href":"https:\/\/www.azureazure.com\/es\/wp-json\/wp\/v2\/posts\/22556","targetHints":{"allow":["GET"]}}],"collection":[{"href":"https:\/\/www.azureazure.com\/es\/wp-json\/wp\/v2\/posts"}],"about":[{"href":"https:\/\/www.azureazure.com\/es\/wp-json\/wp\/v2\/types\/post"}],"author":[{"embeddable":true,"href":"https:\/\/www.azureazure.com\/es\/wp-json\/wp\/v2\/users\/21"}],"replies":[{"embeddable":true,"href":"https:\/\/www.azureazure.com\/es\/wp-json\/wp\/v2\/comments?post=22556"}],"version-history":[{"count":0,"href":"https:\/\/www.azureazure.com\/es\/wp-json\/wp\/v2\/posts\/22556\/revisions"}],"wp:featuredmedia":[{"embeddable":true,"href":"https:\/\/www.azureazure.com\/es\/wp-json\/wp\/v2\/media\/12467"}],"wp:attachment":[{"href":"https:\/\/www.azureazure.com\/es\/wp-json\/wp\/v2\/media?parent=22556"}],"wp:term":[{"taxonomy":"category","embeddable":true,"href":"https:\/\/www.azureazure.com\/es\/wp-json\/wp\/v2\/categories?post=22556"},{"taxonomy":"post_tag","embeddable":true,"href":"https:\/\/www.azureazure.com\/es\/wp-json\/wp\/v2\/tags?post=22556"}],"curies":[{"name":"wp","href":"https:\/\/api.w.org\/{rel}","templated":true}]}}