{"id":21898,"date":"2014-12-03T00:00:00","date_gmt":"2014-12-03T00:00:00","guid":{"rendered":"https:\/\/www.azureazure.com\/sin-categorizar\/salzburgo-la-ciudad-de-la-musica-y-el-arte"},"modified":"2019-11-12T08:48:52","modified_gmt":"2019-11-12T13:48:52","slug":"salzburgo","status":"publish","type":"post","link":"https:\/\/www.azureazure.com\/es\/viajes\/destinos\/salzburgo\/","title":{"rendered":"Salzburgo, La Ciudad De La M\u00fasica Y El Arte"},"content":{"rendered":"<div id=\"Body_MasterContent_element_2616_BodyFieldHolder\">\n<article>\n<p><span style=\"color: rgb(102, 102, 102); line-height: 22px; font-family: georgia; font-size: 15px;\"><\/p>\n<p><a href=\"http:\/\/www.salzburg.info\/es\" target=\"_blank\" rel=\"noopener noreferrer\">Salzburgo<\/a> es la cuarta ciudad m\u00e1s poblada de Austria y la capital del estado federal con el mismo nombre. Su apelativo procede de las barcas que transportaban sal por el r\u00edo Salzach en el siglo VIII. Es mundialmente conocida por haber visto nacer al gran genio de la m\u00fasica <strong>Wolfgang Amadeus Mozart<\/strong>, pero tambi\u00e9n lo es por la belleza de sus calles, iglesias, plazas, monumentos, museos y parques, as\u00ed como por sus excelentes hoteles y su gastronom\u00eda.<\/p>\n<p><img decoding=\"async\" class=\"img-responsive\" title=\"Salzburgo, la ciudad de la m\u00fasica y el arte\" alt=\"Salzburgo\" src=\"\/files\/Images\/Bulletins\/Travel\/salzburg\/Salzburg-01.jpg\"><\/p>\n<p>En Salzburgo, la belleza asalta al viajero sin pre\u00e1mbulos y casi sin avisar, pues nada m\u00e1s llegar puede observarse <a href=\"http:\/\/www.salzburg-burgen.at\/en\/hohensalzburg\/index.htm\" target=\"_blank\" rel=\"noopener noreferrer\">la impresionante fortificaci\u00f3n Hohensalzburg<\/a> que domina todo el paisaje. Al fondo, se atisban las soberbias monta\u00f1as y las torres de las innumerables iglesias, cuyas campanas extienden su sonido de anta\u00f1o sobre las amplias plazas y estrechas callejuelas. <\/p>\n<p>Las casas de Salzburgo est\u00e1n tan cuidadas que parecen reci\u00e9n construidas, pero no se lleven a enga\u00f1o, pues tienen siglos. Algunas de ellas surgen del mism\u00edsimo monte M\u00f6nchsberg y tienen fechas hist\u00f3ricas grabadas en sus umbrales. <a href=\"\/es\/viajes\" target=\"_self\" rel=\"noopener noreferrer\">Vea aqu\u00ed nuestra selecci\u00f3n de destinos y hoteles de todo el mundo<\/a>. <\/p>\n<p>La vida cultural de Salzburgo es muy activa. De hecho, en los espacios p\u00fablicos y en sus salas de concierto y teatros, siempre hay en cartel una \u00f3pera o una sinfon\u00eda de Mozart. Adem\u00e1s de su propuesta de ocio habitual, todos los veranos, desde 1920, Salzburgo celebra su famoso festival de m\u00fasica y teatro. Para la ocasi\u00f3n, miles de aficionados de todo el mundo se arremolinan alrededor de la calle Hofstallgasse, donde se encuentran los tres teatros en los que se celebra el evento.<\/p>\n<p><img decoding=\"async\" class=\"img-responsive\" title=\"Salzburgo, la ciudad de la m\u00fasica y el arte\" alt=\"Salzburgo\" src=\"\/files\/Images\/Bulletins\/Travel\/salzburg\/Salzburg-02.jpg\"><\/p>\n<p>Otra peculiaridad de Salzburgo es la tradici\u00f3n de los caf\u00e9s, que se remonta a 1700, a\u00f1o de la fundaci\u00f3n del Tomaselli, que a\u00fan sirve sus famosos dulces y tartas. Pero las mejores tartas de crema las elaboran en la peque\u00f1a pasteler\u00eda Schartz, en la calle Getreidegasse, donde tambi\u00e9n se pueden adquirir sus famosos bombones Mozart. Muy cerca se encuentra el mercado Gr\u00fcnmarkt, al que acuden los lugare\u00f1os para comer y beber cervezas locales en los puestos de chaciner\u00eda y quesos. Por otra parte, tambi\u00e9n est\u00e1 el mercado Schrannenmarkt, junto a la plaza Mirabell, un espacio al que los agricultores y productores ecol\u00f3gicos llevan, cada jueves, alimentos que pueden ser degustados en el lugar.<\/p>\n<p>La gastronom\u00eda es uno de los alicientes de Salzburgo y la oferta es amplia. En el restaurante Zum Strasserwirt ofrecen la mejor cocina tradicional austriaca, con un punto de sofisticaci\u00f3n gracias a las dotes culinarias del chef <strong>Christian Sussitz<\/strong>. Su codillo de cordero de Tauern o la carrillada y el lomo de ternera joven son c\u00e9lebres. Y para terminar, un postre t\u00edpico como el Topfenschmarn, un dulce caliente a base de huevos, harina y queso Quark.<\/p>\n<p><img decoding=\"async\" class=\"img-responsive\" title=\"Salzburgo, la ciudad de la m\u00fasica y el arte\" alt=\"Salzburgo\" src=\"\/files\/Images\/Bulletins\/Travel\/salzburg\/Salzburg-03.jpg\"><\/p>\n<p>Uno de los mejores alojamientos de Salzburgo es el hotel Am Dom, en el No.17 de Goldgasse, con sus habitaciones con nombres de austriacos ilustres. El establecimiento es un peque\u00f1o hotel <em>boutique<\/em> en pleno centro, especialmente recomendado para aquellos que aprecian el dise\u00f1o.<\/p>\n<p>Salzburgo es una ciudad que por su extensi\u00f3n puede visitarse caminando tranquilamente. Un lugar rodeado de naturaleza e historia, con un encanto que nos traslada a una \u00e9poca de esplendor que todav\u00eda puede apreciarse en cada rinc\u00f3n de la ciudad.<span style=\"color: rgb(0, 174, 239); font-family: georgia; font-size: 18px; vertical-align: baseline;\">  \u25a0<\/span><\/p>\n<p>\n<\/p>\n<p><\/span><\/article>\n","protected":false},"excerpt":{"rendered":"<p>Salzburgo es la cuarta ciudad m\u00e1s poblada de Austria y la capital del estado federal con el mismo nombre. Su apelativo procede de las barcas que transportaban sal por el r\u00edo Salzach en el siglo VIII. Es mundialmente conocida por haber visto nacer al gran genio de la m\u00fasica Wolfgang Amadeus Mozart, pero tambi\u00e9n lo&hellip;<\/p>\n","protected":false},"author":82,"featured_media":16367,"comment_status":"open","ping_status":"open","sticky":false,"template":"","format":"standard","meta":{"_acf_changed":false,"footnotes":""},"categories":[6014,6013],"tags":[],"class_list":["post-21898","post","type-post","status-publish","format-standard","has-post-thumbnail","hentry","category-destinos","category-viajes","category-6014","category-6013","description-off"],"acf":[],"yoast_head":"<!-- This site is optimized with the Yoast SEO Premium plugin v27.4 (Yoast SEO v28.1) - https:\/\/yoast.com\/product\/yoast-seo-premium-wordpress\/ -->\n<title>Salzburgo, La Ciudad De La M\u00fasica Y El Arte - AzureAzure.com<\/title>\n<meta name=\"robots\" content=\"index, follow, max-snippet:-1, max-image-preview:large, max-video-preview:-1\" \/>\n<link rel=\"canonical\" href=\"https:\/\/www.azureazure.com\/es\/viajes\/destinos\/salzburgo\/\" \/>\n<meta property=\"og:locale\" content=\"es_ES\" \/>\n<meta property=\"og:type\" content=\"article\" \/>\n<meta property=\"og:title\" content=\"Salzburgo, La Ciudad De La M\u00fasica Y El Arte\" \/>\n<meta property=\"og:description\" content=\"Salzburgo es la cuarta ciudad m\u00e1s poblada de Austria y la capital del estado federal con el mismo nombre. Su apelativo procede de las barcas que transportaban sal por el r\u00edo Salzach en el siglo VIII. Es mundialmente conocida por haber visto nacer al gran genio de la m\u00fasica Wolfgang Amadeus Mozart, pero tambi\u00e9n lo&hellip;\" \/>\n<meta property=\"og:url\" content=\"https:\/\/www.azureazure.com\/es\/viajes\/destinos\/salzburgo\/\" \/>\n<meta property=\"og:site_name\" content=\"AzureAzure.com\" \/>\n<meta property=\"article:published_time\" content=\"2014-12-03T00:00:00+00:00\" \/>\n<meta property=\"article:modified_time\" content=\"2019-11-12T13:48:52+00:00\" \/>\n<meta property=\"og:image\" content=\"https:\/\/www.azureazure.com\/wp-content\/uploads\/2019\/06\/Travel-Salzburg-1-Featured.jpg\" \/>\n\t<meta property=\"og:image:width\" content=\"380\" \/>\n\t<meta property=\"og:image:height\" content=\"380\" \/>\n\t<meta property=\"og:image:type\" content=\"image\/jpeg\" \/>\n<meta name=\"author\" content=\"J.M. Towers\" \/>\n<meta name=\"twitter:card\" content=\"summary_large_image\" \/>\n<meta name=\"twitter:label1\" content=\"Escrito por\" \/>\n\t<meta name=\"twitter:data1\" content=\"J.M. Towers\" \/>\n\t<meta name=\"twitter:label2\" content=\"Tiempo de lectura\" \/>\n\t<meta name=\"twitter:data2\" content=\"3 minutos\" \/>\n<script type=\"application\/ld+json\" class=\"yoast-schema-graph\">{\"@context\":\"https:\\\/\\\/schema.org\",\"@graph\":[{\"@type\":\"Article\",\"@id\":\"https:\\\/\\\/www.azureazure.com\\\/es\\\/viajes\\\/destinos\\\/salzburgo\\\/#article\",\"isPartOf\":{\"@id\":\"https:\\\/\\\/www.azureazure.com\\\/es\\\/viajes\\\/destinos\\\/salzburgo\\\/\"},\"author\":{\"name\":\"J.M. Towers\",\"@id\":\"https:\\\/\\\/www.azureazure.com\\\/es\\\/#\\\/schema\\\/person\\\/3691b24ad6720d0d514a902ffb0b7b7f\"},\"headline\":\"Salzburgo, La Ciudad De La M\u00fasica Y El Arte\",\"datePublished\":\"2014-12-03T00:00:00+00:00\",\"dateModified\":\"2019-11-12T13:48:52+00:00\",\"mainEntityOfPage\":{\"@id\":\"https:\\\/\\\/www.azureazure.com\\\/es\\\/viajes\\\/destinos\\\/salzburgo\\\/\"},\"wordCount\":589,\"commentCount\":0,\"image\":{\"@id\":\"https:\\\/\\\/www.azureazure.com\\\/es\\\/viajes\\\/destinos\\\/salzburgo\\\/#primaryimage\"},\"thumbnailUrl\":\"https:\\\/\\\/www.azureazure.com\\\/wp-content\\\/uploads\\\/2019\\\/06\\\/Travel-Salzburg-1-Featured.jpg\",\"articleSection\":[\"Destinos\",\"Viajes\"],\"inLanguage\":\"es\",\"potentialAction\":[{\"@type\":\"CommentAction\",\"name\":\"Comment\",\"target\":[\"https:\\\/\\\/www.azureazure.com\\\/es\\\/viajes\\\/destinos\\\/salzburgo\\\/#respond\"]}]},{\"@type\":\"WebPage\",\"@id\":\"https:\\\/\\\/www.azureazure.com\\\/es\\\/viajes\\\/destinos\\\/salzburgo\\\/\",\"url\":\"https:\\\/\\\/www.azureazure.com\\\/es\\\/viajes\\\/destinos\\\/salzburgo\\\/\",\"name\":\"Salzburgo, La Ciudad De La M\u00fasica Y El Arte - AzureAzure.com\",\"isPartOf\":{\"@id\":\"https:\\\/\\\/www.azureazure.com\\\/es\\\/#website\"},\"primaryImageOfPage\":{\"@id\":\"https:\\\/\\\/www.azureazure.com\\\/es\\\/viajes\\\/destinos\\\/salzburgo\\\/#primaryimage\"},\"image\":{\"@id\":\"https:\\\/\\\/www.azureazure.com\\\/es\\\/viajes\\\/destinos\\\/salzburgo\\\/#primaryimage\"},\"thumbnailUrl\":\"https:\\\/\\\/www.azureazure.com\\\/wp-content\\\/uploads\\\/2019\\\/06\\\/Travel-Salzburg-1-Featured.jpg\",\"datePublished\":\"2014-12-03T00:00:00+00:00\",\"dateModified\":\"2019-11-12T13:48:52+00:00\",\"author\":{\"@id\":\"https:\\\/\\\/www.azureazure.com\\\/es\\\/#\\\/schema\\\/person\\\/3691b24ad6720d0d514a902ffb0b7b7f\"},\"breadcrumb\":{\"@id\":\"https:\\\/\\\/www.azureazure.com\\\/es\\\/viajes\\\/destinos\\\/salzburgo\\\/#breadcrumb\"},\"inLanguage\":\"es\",\"potentialAction\":[{\"@type\":\"ReadAction\",\"target\":[\"https:\\\/\\\/www.azureazure.com\\\/es\\\/viajes\\\/destinos\\\/salzburgo\\\/\"]}]},{\"@type\":\"ImageObject\",\"inLanguage\":\"es\",\"@id\":\"https:\\\/\\\/www.azureazure.com\\\/es\\\/viajes\\\/destinos\\\/salzburgo\\\/#primaryimage\",\"url\":\"https:\\\/\\\/www.azureazure.com\\\/wp-content\\\/uploads\\\/2019\\\/06\\\/Travel-Salzburg-1-Featured.jpg\",\"contentUrl\":\"https:\\\/\\\/www.azureazure.com\\\/wp-content\\\/uploads\\\/2019\\\/06\\\/Travel-Salzburg-1-Featured.jpg\",\"width\":380,\"height\":380},{\"@type\":\"BreadcrumbList\",\"@id\":\"https:\\\/\\\/www.azureazure.com\\\/es\\\/viajes\\\/destinos\\\/salzburgo\\\/#breadcrumb\",\"itemListElement\":[{\"@type\":\"ListItem\",\"position\":1,\"name\":\"Home\",\"item\":\"https:\\\/\\\/www.azureazure.com\\\/es\\\/\"},{\"@type\":\"ListItem\",\"position\":2,\"name\":\"Salzburgo, La Ciudad De La M\u00fasica Y El Arte\"}]},{\"@type\":\"WebSite\",\"@id\":\"https:\\\/\\\/www.azureazure.com\\\/es\\\/#website\",\"url\":\"https:\\\/\\\/www.azureazure.com\\\/es\\\/\",\"name\":\"AzureAzure.com\",\"description\":\"Luxury Global Magazine\",\"potentialAction\":[{\"@type\":\"SearchAction\",\"target\":{\"@type\":\"EntryPoint\",\"urlTemplate\":\"https:\\\/\\\/www.azureazure.com\\\/es\\\/?s={search_term_string}\"},\"query-input\":{\"@type\":\"PropertyValueSpecification\",\"valueRequired\":true,\"valueName\":\"search_term_string\"}}],\"inLanguage\":\"es\"},{\"@type\":\"Person\",\"@id\":\"https:\\\/\\\/www.azureazure.com\\\/es\\\/#\\\/schema\\\/person\\\/3691b24ad6720d0d514a902ffb0b7b7f\",\"name\":\"J.M. Towers\",\"image\":{\"@type\":\"ImageObject\",\"inLanguage\":\"es\",\"@id\":\"https:\\\/\\\/secure.gravatar.com\\\/avatar\\\/b73287900aac87e191d87c1b7767ff5cdceb2686f903201341c0622085fa828e?s=96&d=mm&r=g\",\"url\":\"https:\\\/\\\/secure.gravatar.com\\\/avatar\\\/b73287900aac87e191d87c1b7767ff5cdceb2686f903201341c0622085fa828e?s=96&d=mm&r=g\",\"contentUrl\":\"https:\\\/\\\/secure.gravatar.com\\\/avatar\\\/b73287900aac87e191d87c1b7767ff5cdceb2686f903201341c0622085fa828e?s=96&d=mm&r=g\",\"caption\":\"J.M. Towers\"},\"url\":\"https:\\\/\\\/www.azureazure.com\\\/es\\\/author\\\/j-m-towers\\\/\"}]}<\/script>\n<!-- \/ Yoast SEO Premium plugin. -->","yoast_head_json":{"title":"Salzburgo, La Ciudad De La M\u00fasica Y El Arte - AzureAzure.com","robots":{"index":"index","follow":"follow","max-snippet":"max-snippet:-1","max-image-preview":"max-image-preview:large","max-video-preview":"max-video-preview:-1"},"canonical":"https:\/\/www.azureazure.com\/es\/viajes\/destinos\/salzburgo\/","og_locale":"es_ES","og_type":"article","og_title":"Salzburgo, La Ciudad De La M\u00fasica Y El Arte","og_description":"Salzburgo es la cuarta ciudad m\u00e1s poblada de Austria y la capital del estado federal con el mismo nombre. Su apelativo procede de las barcas que transportaban sal por el r\u00edo Salzach en el siglo VIII. Es mundialmente conocida por haber visto nacer al gran genio de la m\u00fasica Wolfgang Amadeus Mozart, pero tambi\u00e9n lo&hellip;","og_url":"https:\/\/www.azureazure.com\/es\/viajes\/destinos\/salzburgo\/","og_site_name":"AzureAzure.com","article_published_time":"2014-12-03T00:00:00+00:00","article_modified_time":"2019-11-12T13:48:52+00:00","og_image":[{"width":380,"height":380,"url":"https:\/\/www.azureazure.com\/wp-content\/uploads\/2019\/06\/Travel-Salzburg-1-Featured.jpg","type":"image\/jpeg"}],"author":"J.M. Towers","twitter_card":"summary_large_image","twitter_misc":{"Escrito por":"J.M. Towers","Tiempo de lectura":"3 minutos"},"schema":{"@context":"https:\/\/schema.org","@graph":[{"@type":"Article","@id":"https:\/\/www.azureazure.com\/es\/viajes\/destinos\/salzburgo\/#article","isPartOf":{"@id":"https:\/\/www.azureazure.com\/es\/viajes\/destinos\/salzburgo\/"},"author":{"name":"J.M. Towers","@id":"https:\/\/www.azureazure.com\/es\/#\/schema\/person\/3691b24ad6720d0d514a902ffb0b7b7f"},"headline":"Salzburgo, La Ciudad De La M\u00fasica Y El Arte","datePublished":"2014-12-03T00:00:00+00:00","dateModified":"2019-11-12T13:48:52+00:00","mainEntityOfPage":{"@id":"https:\/\/www.azureazure.com\/es\/viajes\/destinos\/salzburgo\/"},"wordCount":589,"commentCount":0,"image":{"@id":"https:\/\/www.azureazure.com\/es\/viajes\/destinos\/salzburgo\/#primaryimage"},"thumbnailUrl":"https:\/\/www.azureazure.com\/wp-content\/uploads\/2019\/06\/Travel-Salzburg-1-Featured.jpg","articleSection":["Destinos","Viajes"],"inLanguage":"es","potentialAction":[{"@type":"CommentAction","name":"Comment","target":["https:\/\/www.azureazure.com\/es\/viajes\/destinos\/salzburgo\/#respond"]}]},{"@type":"WebPage","@id":"https:\/\/www.azureazure.com\/es\/viajes\/destinos\/salzburgo\/","url":"https:\/\/www.azureazure.com\/es\/viajes\/destinos\/salzburgo\/","name":"Salzburgo, La Ciudad De La M\u00fasica Y El Arte - AzureAzure.com","isPartOf":{"@id":"https:\/\/www.azureazure.com\/es\/#website"},"primaryImageOfPage":{"@id":"https:\/\/www.azureazure.com\/es\/viajes\/destinos\/salzburgo\/#primaryimage"},"image":{"@id":"https:\/\/www.azureazure.com\/es\/viajes\/destinos\/salzburgo\/#primaryimage"},"thumbnailUrl":"https:\/\/www.azureazure.com\/wp-content\/uploads\/2019\/06\/Travel-Salzburg-1-Featured.jpg","datePublished":"2014-12-03T00:00:00+00:00","dateModified":"2019-11-12T13:48:52+00:00","author":{"@id":"https:\/\/www.azureazure.com\/es\/#\/schema\/person\/3691b24ad6720d0d514a902ffb0b7b7f"},"breadcrumb":{"@id":"https:\/\/www.azureazure.com\/es\/viajes\/destinos\/salzburgo\/#breadcrumb"},"inLanguage":"es","potentialAction":[{"@type":"ReadAction","target":["https:\/\/www.azureazure.com\/es\/viajes\/destinos\/salzburgo\/"]}]},{"@type":"ImageObject","inLanguage":"es","@id":"https:\/\/www.azureazure.com\/es\/viajes\/destinos\/salzburgo\/#primaryimage","url":"https:\/\/www.azureazure.com\/wp-content\/uploads\/2019\/06\/Travel-Salzburg-1-Featured.jpg","contentUrl":"https:\/\/www.azureazure.com\/wp-content\/uploads\/2019\/06\/Travel-Salzburg-1-Featured.jpg","width":380,"height":380},{"@type":"BreadcrumbList","@id":"https:\/\/www.azureazure.com\/es\/viajes\/destinos\/salzburgo\/#breadcrumb","itemListElement":[{"@type":"ListItem","position":1,"name":"Home","item":"https:\/\/www.azureazure.com\/es\/"},{"@type":"ListItem","position":2,"name":"Salzburgo, La Ciudad De La M\u00fasica Y El Arte"}]},{"@type":"WebSite","@id":"https:\/\/www.azureazure.com\/es\/#website","url":"https:\/\/www.azureazure.com\/es\/","name":"AzureAzure.com","description":"Luxury Global Magazine","potentialAction":[{"@type":"SearchAction","target":{"@type":"EntryPoint","urlTemplate":"https:\/\/www.azureazure.com\/es\/?s={search_term_string}"},"query-input":{"@type":"PropertyValueSpecification","valueRequired":true,"valueName":"search_term_string"}}],"inLanguage":"es"},{"@type":"Person","@id":"https:\/\/www.azureazure.com\/es\/#\/schema\/person\/3691b24ad6720d0d514a902ffb0b7b7f","name":"J.M. Towers","image":{"@type":"ImageObject","inLanguage":"es","@id":"https:\/\/secure.gravatar.com\/avatar\/b73287900aac87e191d87c1b7767ff5cdceb2686f903201341c0622085fa828e?s=96&d=mm&r=g","url":"https:\/\/secure.gravatar.com\/avatar\/b73287900aac87e191d87c1b7767ff5cdceb2686f903201341c0622085fa828e?s=96&d=mm&r=g","contentUrl":"https:\/\/secure.gravatar.com\/avatar\/b73287900aac87e191d87c1b7767ff5cdceb2686f903201341c0622085fa828e?s=96&d=mm&r=g","caption":"J.M. Towers"},"url":"https:\/\/www.azureazure.com\/es\/author\/j-m-towers\/"}]}},"_links":{"self":[{"href":"https:\/\/www.azureazure.com\/es\/wp-json\/wp\/v2\/posts\/21898","targetHints":{"allow":["GET"]}}],"collection":[{"href":"https:\/\/www.azureazure.com\/es\/wp-json\/wp\/v2\/posts"}],"about":[{"href":"https:\/\/www.azureazure.com\/es\/wp-json\/wp\/v2\/types\/post"}],"author":[{"embeddable":true,"href":"https:\/\/www.azureazure.com\/es\/wp-json\/wp\/v2\/users\/82"}],"replies":[{"embeddable":true,"href":"https:\/\/www.azureazure.com\/es\/wp-json\/wp\/v2\/comments?post=21898"}],"version-history":[{"count":0,"href":"https:\/\/www.azureazure.com\/es\/wp-json\/wp\/v2\/posts\/21898\/revisions"}],"wp:featuredmedia":[{"embeddable":true,"href":"https:\/\/www.azureazure.com\/es\/wp-json\/wp\/v2\/media\/16367"}],"wp:attachment":[{"href":"https:\/\/www.azureazure.com\/es\/wp-json\/wp\/v2\/media?parent=21898"}],"wp:term":[{"taxonomy":"category","embeddable":true,"href":"https:\/\/www.azureazure.com\/es\/wp-json\/wp\/v2\/categories?post=21898"},{"taxonomy":"post_tag","embeddable":true,"href":"https:\/\/www.azureazure.com\/es\/wp-json\/wp\/v2\/tags?post=21898"}],"curies":[{"name":"wp","href":"https:\/\/api.w.org\/{rel}","templated":true}]}}