{"id":21886,"date":"2014-12-11T00:00:00","date_gmt":"2014-12-11T00:00:00","guid":{"rendered":"https:\/\/www.azureazure.com\/sin-categorizar\/el-renacer-de-la-marca-maybach"},"modified":"2019-11-12T08:48:45","modified_gmt":"2019-11-12T13:48:45","slug":"mercedes-maybach-s-renacer-de-maybach","status":"publish","type":"post","link":"https:\/\/www.azureazure.com\/es\/motor-tecnologia\/autos\/mercedes-maybach-s-renacer-de-maybach\/","title":{"rendered":"El Renacer De La Marca Maybach"},"content":{"rendered":"<div id=\"Body_MasterContent_element_2620_BodyFieldHolder\">\n<article>\n<p><span style=\"color: rgb(102, 102, 102); line-height: 22px; font-family: georgia; font-size: 15px;\"><\/p>\n<p>En el 2011, <a href=\"\/antojos\/descanse-en-paz\" target=\"_self\" rel=\"noopener noreferrer\">Daimler AG decidi\u00f3 poner fin a la marca Maybach<\/a>. No fue una buena idea. Al menos, eso parece al ver que la automovil\u00edstica de Stuttgart ha rectificado s\u00f3lo tres a\u00f1os despu\u00e9s para recuperar un nombre que simboliza el lujo extremo, algo que necesitaba Mercedes-Benz.<\/p>\n<p><img decoding=\"async\" class=\"img-responsive\" title=\"El renacer de la marca Maybach\" alt=\"Mercedes-Maybach S\" src=\"\/files\/Images\/Bulletins\/SpecialToys\/mercedes_maybach_s\/Mercedes-Maybach-S-01.jpg\"><\/p>\n<p>Vuelve Maybach, pero no lo hace como una firma con entidad propia, sino como una submarca que se sit\u00faa en lo m\u00e1s alto de la gama de Mercedes-Benz, es decir, un apellido para los m\u00e1s lujosos y exclusivos modelos con la estrella. El esperado regreso lo encarna el flamante Mercedes-Maybach S, presentado recientemente en el Sal\u00f3n del Autom\u00f3vil de Los \u00c1ngeles 2014. <\/p>\n<p>Como su nombre sugiere, se trata de una versi\u00f3n que se sit\u00faa en lo m\u00e1s alto de <a href=\"\/antojos\/mercedes-benz-clase-s\" target=\"_self\" rel=\"noopener noreferrer\">la Clase S<\/a> \u2014el buque insignia de Mercedes-Benz\u2014, que es llevada al extremo en todas sus facetas para culminar en una irresistible limusina. Sus dimensiones exceden lo habitual en una berlina de representaci\u00f3n del segmento F: con casi 5,5 metros (18 pies) de largo, este Maybach supera en m\u00e1s de 20 cent\u00edmetros la longitud del Clase S de batalla larga, con un espacio ganado especialmente en las plazas traseras. <\/p>\n<p><img decoding=\"async\" class=\"img-responsive\" title=\"El renacer de la marca Maybach\" alt=\"Mercedes-Maybach S\" src=\"\/files\/Images\/Bulletins\/SpecialToys\/mercedes_maybach_s\/Mercedes-Maybach-S-02.jpg\"><\/p>\n<p>A esa m\u00e1xima comodidad para los viajeros tambi\u00e9n contribuye el exquisito equipamiento dispuesto por Mercedes-Benz, por ejemplo: sus asientos Executive, que doblan el espacio para las piernas y tienen exclusivas funciones como la de masaje; un preciso sistema de climatizaci\u00f3n, completamente individual, capaz de purificar el ambiente con distintas fragancias, y un techo solar que, con s\u00f3lo presionar un bot\u00f3n, regula la entrada de luz, seg\u00fan la preferencia.<\/p>\n<p>Tampoco se debe subestimar la oferta mec\u00e1nica de este Clase S <em>deluxe<\/em>, compuesta por dos versiones: el  Mercedes-Maybach S500, con motor de 8 cilindros en V y 4.663 cc; y el  Mercedes-Maybach S600, con un aplastante propulsor de 12 cilindros y 5.980 cc. Sus prestaciones sorprenden en ambas variantes, pero resultan especialmente admirables las cifras que arrojan el S600, que se convierte en el gran buque insignia de Mercedes-Benz: con sus 530 CV de potencia m\u00e1xima entre las 4.900 y las 5.300 rpm, el Mercedes-Maybach S600 es capaz de ponerse de 0 a 100 km\/h (60 mph) en s\u00f3lo 5 segundos, adem\u00e1s de su velocidad, que viene limitada electr\u00f3nicamente a 250 km\/h (155 mph) para todos los modelos de la serie. <\/p>\n<p><img decoding=\"async\" class=\"img-responsive\" title=\"El renacer de la marca Maybach\" alt=\"Mercedes-Maybach S\" src=\"\/files\/Images\/Bulletins\/SpecialToys\/mercedes_maybach_s\/Mercedes-Maybach-S-03.jpg\"><\/p>\n<p>Sin duda, un veh\u00edculo con un magn\u00edfico rendimiento, si se tiene en cuenta que se trata de una berlina de un peso desorbitado: aunque no ha sido desvelada la cifra concreta, se sabe que el Clase S de batalla larga alcanza las dos toneladas.<\/p>\n<p>El Mercedes-Maybach S, el ultralujoso modelo con el que resurge el legendario nombre Maybach, estar\u00e1 en las calles a partir de los primeros meses del 2015. \u00bfSu precio? Nunca menos de 250.000 d\u00f3lares, en su versi\u00f3n de acceso a la gama.<span style=\"color: rgb(0, 174, 239); font-family: georgia; font-size: 18px; vertical-align: baseline;\">  \u25a0<\/span><\/p>\n<p>\n<\/p>\n<p><\/span><\/article>\n","protected":false},"excerpt":{"rendered":"<p>Con el Mercedes-Maybach S, una ultralujosa edici\u00f3n del celebrad\u00edsimo Mercedes-Benz Clase S, resurge Maybach para definir la exclusividad entre lo m\u00e1s selecto de la marca de la estrella.<\/p>\n","protected":false},"author":91,"featured_media":57878,"comment_status":"open","ping_status":"open","sticky":false,"template":"","format":"standard","meta":{"_acf_changed":false,"footnotes":""},"categories":[6178,6177],"tags":[],"class_list":["post-21886","post","type-post","status-publish","format-standard","has-post-thumbnail","hentry","category-autos","category-motor-tecnologia","category-6178","category-6177","description-off"],"acf":[],"yoast_head":"<!-- This site is optimized with the Yoast SEO Premium plugin v27.4 (Yoast SEO v28.1) - https:\/\/yoast.com\/product\/yoast-seo-premium-wordpress\/ -->\n<title>El Renacer De La Marca Maybach - AzureAzure.com<\/title>\n<meta name=\"description\" content=\"Con el Mercedes-Maybach S, una ultralujosa edici\u00f3n del celebrad\u00edsimo Mercedes-Benz Clase S, resurge Maybach para definir la exclusividad entre lo m\u00e1s selecto de la marca de la estrella.\" \/>\n<meta name=\"robots\" content=\"index, follow, max-snippet:-1, max-image-preview:large, max-video-preview:-1\" \/>\n<link rel=\"canonical\" href=\"https:\/\/www.azureazure.com\/es\/motor-tecnologia\/autos\/mercedes-maybach-s-renacer-de-maybach\/\" \/>\n<meta property=\"og:locale\" content=\"es_ES\" \/>\n<meta property=\"og:type\" content=\"article\" \/>\n<meta property=\"og:title\" content=\"El Renacer De La Marca Maybach\" \/>\n<meta property=\"og:description\" content=\"Con el Mercedes-Maybach S, una ultralujosa edici\u00f3n del celebrad\u00edsimo Mercedes-Benz Clase S, resurge Maybach para definir la exclusividad entre lo m\u00e1s selecto de la marca de la estrella.\" \/>\n<meta property=\"og:url\" content=\"https:\/\/www.azureazure.com\/es\/motor-tecnologia\/autos\/mercedes-maybach-s-renacer-de-maybach\/\" \/>\n<meta property=\"og:site_name\" content=\"AzureAzure.com\" \/>\n<meta property=\"article:published_time\" content=\"2014-12-11T00:00:00+00:00\" \/>\n<meta property=\"article:modified_time\" content=\"2019-11-12T13:48:45+00:00\" \/>\n<meta property=\"og:image\" content=\"https:\/\/www.azureazure.com\/wp-content\/uploads\/2014\/12\/Maybach.jpg\" \/>\n\t<meta property=\"og:image:width\" content=\"3400\" \/>\n\t<meta property=\"og:image:height\" content=\"1440\" \/>\n\t<meta property=\"og:image:type\" content=\"image\/jpeg\" \/>\n<meta name=\"author\" content=\"Joe Hurley\" \/>\n<meta name=\"twitter:card\" content=\"summary_large_image\" \/>\n<meta name=\"twitter:label1\" content=\"Escrito por\" \/>\n\t<meta name=\"twitter:data1\" content=\"Joe Hurley\" \/>\n\t<meta name=\"twitter:label2\" content=\"Tiempo de lectura\" \/>\n\t<meta name=\"twitter:data2\" content=\"2 minutos\" \/>\n<script type=\"application\/ld+json\" class=\"yoast-schema-graph\">{\"@context\":\"https:\\\/\\\/schema.org\",\"@graph\":[{\"@type\":\"Article\",\"@id\":\"https:\\\/\\\/www.azureazure.com\\\/es\\\/motor-tecnologia\\\/autos\\\/mercedes-maybach-s-renacer-de-maybach\\\/#article\",\"isPartOf\":{\"@id\":\"https:\\\/\\\/www.azureazure.com\\\/es\\\/motor-tecnologia\\\/autos\\\/mercedes-maybach-s-renacer-de-maybach\\\/\"},\"author\":{\"name\":\"Joe Hurley\",\"@id\":\"https:\\\/\\\/www.azureazure.com\\\/es\\\/#\\\/schema\\\/person\\\/a91213ce7819ba41835da29edd651356\"},\"headline\":\"El Renacer De La Marca Maybach\",\"datePublished\":\"2014-12-11T00:00:00+00:00\",\"dateModified\":\"2019-11-12T13:48:45+00:00\",\"mainEntityOfPage\":{\"@id\":\"https:\\\/\\\/www.azureazure.com\\\/es\\\/motor-tecnologia\\\/autos\\\/mercedes-maybach-s-renacer-de-maybach\\\/\"},\"wordCount\":487,\"commentCount\":0,\"image\":{\"@id\":\"https:\\\/\\\/www.azureazure.com\\\/es\\\/motor-tecnologia\\\/autos\\\/mercedes-maybach-s-renacer-de-maybach\\\/#primaryimage\"},\"thumbnailUrl\":\"https:\\\/\\\/www.azureazure.com\\\/wp-content\\\/uploads\\\/2014\\\/12\\\/Maybach.jpg\",\"articleSection\":[\"Autos\",\"Motor y tecnolog\u00eda\"],\"inLanguage\":\"es\",\"potentialAction\":[{\"@type\":\"CommentAction\",\"name\":\"Comment\",\"target\":[\"https:\\\/\\\/www.azureazure.com\\\/es\\\/motor-tecnologia\\\/autos\\\/mercedes-maybach-s-renacer-de-maybach\\\/#respond\"]}]},{\"@type\":\"WebPage\",\"@id\":\"https:\\\/\\\/www.azureazure.com\\\/es\\\/motor-tecnologia\\\/autos\\\/mercedes-maybach-s-renacer-de-maybach\\\/\",\"url\":\"https:\\\/\\\/www.azureazure.com\\\/es\\\/motor-tecnologia\\\/autos\\\/mercedes-maybach-s-renacer-de-maybach\\\/\",\"name\":\"El Renacer De La Marca Maybach - AzureAzure.com\",\"isPartOf\":{\"@id\":\"https:\\\/\\\/www.azureazure.com\\\/es\\\/#website\"},\"primaryImageOfPage\":{\"@id\":\"https:\\\/\\\/www.azureazure.com\\\/es\\\/motor-tecnologia\\\/autos\\\/mercedes-maybach-s-renacer-de-maybach\\\/#primaryimage\"},\"image\":{\"@id\":\"https:\\\/\\\/www.azureazure.com\\\/es\\\/motor-tecnologia\\\/autos\\\/mercedes-maybach-s-renacer-de-maybach\\\/#primaryimage\"},\"thumbnailUrl\":\"https:\\\/\\\/www.azureazure.com\\\/wp-content\\\/uploads\\\/2014\\\/12\\\/Maybach.jpg\",\"datePublished\":\"2014-12-11T00:00:00+00:00\",\"dateModified\":\"2019-11-12T13:48:45+00:00\",\"author\":{\"@id\":\"https:\\\/\\\/www.azureazure.com\\\/es\\\/#\\\/schema\\\/person\\\/a91213ce7819ba41835da29edd651356\"},\"description\":\"Con el Mercedes-Maybach S, una ultralujosa edici\u00f3n del celebrad\u00edsimo Mercedes-Benz Clase S, resurge Maybach para definir la exclusividad entre lo m\u00e1s selecto de la marca de la estrella.\",\"breadcrumb\":{\"@id\":\"https:\\\/\\\/www.azureazure.com\\\/es\\\/motor-tecnologia\\\/autos\\\/mercedes-maybach-s-renacer-de-maybach\\\/#breadcrumb\"},\"inLanguage\":\"es\",\"potentialAction\":[{\"@type\":\"ReadAction\",\"target\":[\"https:\\\/\\\/www.azureazure.com\\\/es\\\/motor-tecnologia\\\/autos\\\/mercedes-maybach-s-renacer-de-maybach\\\/\"]}]},{\"@type\":\"ImageObject\",\"inLanguage\":\"es\",\"@id\":\"https:\\\/\\\/www.azureazure.com\\\/es\\\/motor-tecnologia\\\/autos\\\/mercedes-maybach-s-renacer-de-maybach\\\/#primaryimage\",\"url\":\"https:\\\/\\\/www.azureazure.com\\\/wp-content\\\/uploads\\\/2014\\\/12\\\/Maybach.jpg\",\"contentUrl\":\"https:\\\/\\\/www.azureazure.com\\\/wp-content\\\/uploads\\\/2014\\\/12\\\/Maybach.jpg\",\"width\":3400,\"height\":1440},{\"@type\":\"BreadcrumbList\",\"@id\":\"https:\\\/\\\/www.azureazure.com\\\/es\\\/motor-tecnologia\\\/autos\\\/mercedes-maybach-s-renacer-de-maybach\\\/#breadcrumb\",\"itemListElement\":[{\"@type\":\"ListItem\",\"position\":1,\"name\":\"Home\",\"item\":\"https:\\\/\\\/www.azureazure.com\\\/es\\\/\"},{\"@type\":\"ListItem\",\"position\":2,\"name\":\"El Renacer De La Marca Maybach\"}]},{\"@type\":\"WebSite\",\"@id\":\"https:\\\/\\\/www.azureazure.com\\\/es\\\/#website\",\"url\":\"https:\\\/\\\/www.azureazure.com\\\/es\\\/\",\"name\":\"AzureAzure.com\",\"description\":\"Luxury Global Magazine\",\"potentialAction\":[{\"@type\":\"SearchAction\",\"target\":{\"@type\":\"EntryPoint\",\"urlTemplate\":\"https:\\\/\\\/www.azureazure.com\\\/es\\\/?s={search_term_string}\"},\"query-input\":{\"@type\":\"PropertyValueSpecification\",\"valueRequired\":true,\"valueName\":\"search_term_string\"}}],\"inLanguage\":\"es\"},{\"@type\":\"Person\",\"@id\":\"https:\\\/\\\/www.azureazure.com\\\/es\\\/#\\\/schema\\\/person\\\/a91213ce7819ba41835da29edd651356\",\"name\":\"Joe Hurley\",\"image\":{\"@type\":\"ImageObject\",\"inLanguage\":\"es\",\"@id\":\"https:\\\/\\\/secure.gravatar.com\\\/avatar\\\/7ab852707e0194ee9688232b71e3fe6777eec09fd44b324318c0e6778bf39cbb?s=96&d=mm&r=g\",\"url\":\"https:\\\/\\\/secure.gravatar.com\\\/avatar\\\/7ab852707e0194ee9688232b71e3fe6777eec09fd44b324318c0e6778bf39cbb?s=96&d=mm&r=g\",\"contentUrl\":\"https:\\\/\\\/secure.gravatar.com\\\/avatar\\\/7ab852707e0194ee9688232b71e3fe6777eec09fd44b324318c0e6778bf39cbb?s=96&d=mm&r=g\",\"caption\":\"Joe Hurley\"},\"url\":\"https:\\\/\\\/www.azureazure.com\\\/es\\\/author\\\/joe-hurley\\\/\"}]}<\/script>\n<!-- \/ Yoast SEO Premium plugin. -->","yoast_head_json":{"title":"El Renacer De La Marca Maybach - AzureAzure.com","description":"Con el Mercedes-Maybach S, una ultralujosa edici\u00f3n del celebrad\u00edsimo Mercedes-Benz Clase S, resurge Maybach para definir la exclusividad entre lo m\u00e1s selecto de la marca de la estrella.","robots":{"index":"index","follow":"follow","max-snippet":"max-snippet:-1","max-image-preview":"max-image-preview:large","max-video-preview":"max-video-preview:-1"},"canonical":"https:\/\/www.azureazure.com\/es\/motor-tecnologia\/autos\/mercedes-maybach-s-renacer-de-maybach\/","og_locale":"es_ES","og_type":"article","og_title":"El Renacer De La Marca Maybach","og_description":"Con el Mercedes-Maybach S, una ultralujosa edici\u00f3n del celebrad\u00edsimo Mercedes-Benz Clase S, resurge Maybach para definir la exclusividad entre lo m\u00e1s selecto de la marca de la estrella.","og_url":"https:\/\/www.azureazure.com\/es\/motor-tecnologia\/autos\/mercedes-maybach-s-renacer-de-maybach\/","og_site_name":"AzureAzure.com","article_published_time":"2014-12-11T00:00:00+00:00","article_modified_time":"2019-11-12T13:48:45+00:00","og_image":[{"width":3400,"height":1440,"url":"https:\/\/www.azureazure.com\/wp-content\/uploads\/2014\/12\/Maybach.jpg","type":"image\/jpeg"}],"author":"Joe Hurley","twitter_card":"summary_large_image","twitter_misc":{"Escrito por":"Joe Hurley","Tiempo de lectura":"2 minutos"},"schema":{"@context":"https:\/\/schema.org","@graph":[{"@type":"Article","@id":"https:\/\/www.azureazure.com\/es\/motor-tecnologia\/autos\/mercedes-maybach-s-renacer-de-maybach\/#article","isPartOf":{"@id":"https:\/\/www.azureazure.com\/es\/motor-tecnologia\/autos\/mercedes-maybach-s-renacer-de-maybach\/"},"author":{"name":"Joe Hurley","@id":"https:\/\/www.azureazure.com\/es\/#\/schema\/person\/a91213ce7819ba41835da29edd651356"},"headline":"El Renacer De La Marca Maybach","datePublished":"2014-12-11T00:00:00+00:00","dateModified":"2019-11-12T13:48:45+00:00","mainEntityOfPage":{"@id":"https:\/\/www.azureazure.com\/es\/motor-tecnologia\/autos\/mercedes-maybach-s-renacer-de-maybach\/"},"wordCount":487,"commentCount":0,"image":{"@id":"https:\/\/www.azureazure.com\/es\/motor-tecnologia\/autos\/mercedes-maybach-s-renacer-de-maybach\/#primaryimage"},"thumbnailUrl":"https:\/\/www.azureazure.com\/wp-content\/uploads\/2014\/12\/Maybach.jpg","articleSection":["Autos","Motor y tecnolog\u00eda"],"inLanguage":"es","potentialAction":[{"@type":"CommentAction","name":"Comment","target":["https:\/\/www.azureazure.com\/es\/motor-tecnologia\/autos\/mercedes-maybach-s-renacer-de-maybach\/#respond"]}]},{"@type":"WebPage","@id":"https:\/\/www.azureazure.com\/es\/motor-tecnologia\/autos\/mercedes-maybach-s-renacer-de-maybach\/","url":"https:\/\/www.azureazure.com\/es\/motor-tecnologia\/autos\/mercedes-maybach-s-renacer-de-maybach\/","name":"El Renacer De La Marca Maybach - AzureAzure.com","isPartOf":{"@id":"https:\/\/www.azureazure.com\/es\/#website"},"primaryImageOfPage":{"@id":"https:\/\/www.azureazure.com\/es\/motor-tecnologia\/autos\/mercedes-maybach-s-renacer-de-maybach\/#primaryimage"},"image":{"@id":"https:\/\/www.azureazure.com\/es\/motor-tecnologia\/autos\/mercedes-maybach-s-renacer-de-maybach\/#primaryimage"},"thumbnailUrl":"https:\/\/www.azureazure.com\/wp-content\/uploads\/2014\/12\/Maybach.jpg","datePublished":"2014-12-11T00:00:00+00:00","dateModified":"2019-11-12T13:48:45+00:00","author":{"@id":"https:\/\/www.azureazure.com\/es\/#\/schema\/person\/a91213ce7819ba41835da29edd651356"},"description":"Con el Mercedes-Maybach S, una ultralujosa edici\u00f3n del celebrad\u00edsimo Mercedes-Benz Clase S, resurge Maybach para definir la exclusividad entre lo m\u00e1s selecto de la marca de la estrella.","breadcrumb":{"@id":"https:\/\/www.azureazure.com\/es\/motor-tecnologia\/autos\/mercedes-maybach-s-renacer-de-maybach\/#breadcrumb"},"inLanguage":"es","potentialAction":[{"@type":"ReadAction","target":["https:\/\/www.azureazure.com\/es\/motor-tecnologia\/autos\/mercedes-maybach-s-renacer-de-maybach\/"]}]},{"@type":"ImageObject","inLanguage":"es","@id":"https:\/\/www.azureazure.com\/es\/motor-tecnologia\/autos\/mercedes-maybach-s-renacer-de-maybach\/#primaryimage","url":"https:\/\/www.azureazure.com\/wp-content\/uploads\/2014\/12\/Maybach.jpg","contentUrl":"https:\/\/www.azureazure.com\/wp-content\/uploads\/2014\/12\/Maybach.jpg","width":3400,"height":1440},{"@type":"BreadcrumbList","@id":"https:\/\/www.azureazure.com\/es\/motor-tecnologia\/autos\/mercedes-maybach-s-renacer-de-maybach\/#breadcrumb","itemListElement":[{"@type":"ListItem","position":1,"name":"Home","item":"https:\/\/www.azureazure.com\/es\/"},{"@type":"ListItem","position":2,"name":"El Renacer De La Marca Maybach"}]},{"@type":"WebSite","@id":"https:\/\/www.azureazure.com\/es\/#website","url":"https:\/\/www.azureazure.com\/es\/","name":"AzureAzure.com","description":"Luxury Global Magazine","potentialAction":[{"@type":"SearchAction","target":{"@type":"EntryPoint","urlTemplate":"https:\/\/www.azureazure.com\/es\/?s={search_term_string}"},"query-input":{"@type":"PropertyValueSpecification","valueRequired":true,"valueName":"search_term_string"}}],"inLanguage":"es"},{"@type":"Person","@id":"https:\/\/www.azureazure.com\/es\/#\/schema\/person\/a91213ce7819ba41835da29edd651356","name":"Joe Hurley","image":{"@type":"ImageObject","inLanguage":"es","@id":"https:\/\/secure.gravatar.com\/avatar\/7ab852707e0194ee9688232b71e3fe6777eec09fd44b324318c0e6778bf39cbb?s=96&d=mm&r=g","url":"https:\/\/secure.gravatar.com\/avatar\/7ab852707e0194ee9688232b71e3fe6777eec09fd44b324318c0e6778bf39cbb?s=96&d=mm&r=g","contentUrl":"https:\/\/secure.gravatar.com\/avatar\/7ab852707e0194ee9688232b71e3fe6777eec09fd44b324318c0e6778bf39cbb?s=96&d=mm&r=g","caption":"Joe Hurley"},"url":"https:\/\/www.azureazure.com\/es\/author\/joe-hurley\/"}]}},"_links":{"self":[{"href":"https:\/\/www.azureazure.com\/es\/wp-json\/wp\/v2\/posts\/21886","targetHints":{"allow":["GET"]}}],"collection":[{"href":"https:\/\/www.azureazure.com\/es\/wp-json\/wp\/v2\/posts"}],"about":[{"href":"https:\/\/www.azureazure.com\/es\/wp-json\/wp\/v2\/types\/post"}],"author":[{"embeddable":true,"href":"https:\/\/www.azureazure.com\/es\/wp-json\/wp\/v2\/users\/91"}],"replies":[{"embeddable":true,"href":"https:\/\/www.azureazure.com\/es\/wp-json\/wp\/v2\/comments?post=21886"}],"version-history":[{"count":0,"href":"https:\/\/www.azureazure.com\/es\/wp-json\/wp\/v2\/posts\/21886\/revisions"}],"wp:featuredmedia":[{"embeddable":true,"href":"https:\/\/www.azureazure.com\/es\/wp-json\/wp\/v2\/media\/57878"}],"wp:attachment":[{"href":"https:\/\/www.azureazure.com\/es\/wp-json\/wp\/v2\/media?parent=21886"}],"wp:term":[{"taxonomy":"category","embeddable":true,"href":"https:\/\/www.azureazure.com\/es\/wp-json\/wp\/v2\/categories?post=21886"},{"taxonomy":"post_tag","embeddable":true,"href":"https:\/\/www.azureazure.com\/es\/wp-json\/wp\/v2\/tags?post=21886"}],"curies":[{"name":"wp","href":"https:\/\/api.w.org\/{rel}","templated":true}]}}