{"id":21477,"date":"2015-10-16T00:00:00","date_gmt":"2015-10-16T00:00:00","guid":{"rendered":"https:\/\/www.azureazure.com\/sin-categorizar\/chanel-en-la-saatchi-de-londres"},"modified":"2019-11-12T08:42:26","modified_gmt":"2019-11-12T13:42:26","slug":"chanel-en-la-saatchi-de-londres","status":"publish","type":"post","link":"https:\/\/www.azureazure.com\/es\/cultura\/arte\/chanel-en-la-saatchi-de-londres\/","title":{"rendered":"Chanel En La Saatchi De Londres"},"content":{"rendered":"<div id=\"Body_MasterContent_element_2576_BodyFieldHolder\">\n<article>\n<p><span style=\"color: rgb(102, 102, 102); line-height: 22px; font-family: georgia; font-size: 15px;\"><\/p>\n<p>La influyente galer\u00eda Saatchi de Londres vuelve a rendirse al lujo. La pasada primavera acogi\u00f3 una exposici\u00f3n dedicada a Herm\u00e8s, titulada <em>Wanderland<\/em>, que mostraba elementos de la ecl\u00e9ctica colecci\u00f3n que la firma francesa alberga en su boutique de la calle parisina Faubourg Saint-Honor\u00e9, como una bicicleta, una maleta, un par de botas y un reloj. <\/p>\n<p><span style=\"color: rgb(102, 102, 102); line-height: 22px; padding-bottom: 5px;\"><\/span><img decoding=\"async\" class=\"img-responsive\" title=\"Chanel en la Saatchi de Londres\" alt=\"Chanel en la Saatchi de Londres\" src=\"\/files\/Images\/Bulletins\/Fashion\/chanel_saatchi_gallery\/Chanel-Saatchi-Gallery-01.jpg\"><br \/>\n<span style='color: rgb(0, 0, 0); line-height: 140%; font-family: arial, helvetica, \"sans serif\"; font-size: 11px;'><strong>(L) Invitaci\u00f3n a la exposici\u00f3n; (R) <strong style='text-align: left; color: rgb(0, 0, 0); text-transform: none; line-height: 15.4px; text-indent: 0px; letter-spacing: normal; font-family: arial, helvetica, \"sans serif\"; font-size: 11px; font-style: normal; font-variant: normal; word-spacing: 0px; white-space: normal; widows: 1; -webkit-text-stroke-width: 0px;'>Gabrielle (Coco) Chanel<\/strong><\/strong>.<\/span><\/p>\n<p>Desde el 13 de octubre Chanel ocupa ese espacio de exposici\u00f3n. No es la primera vez que visita la <a href=\"http:\/\/www.saatchigallery.com\/\" target=\"_blank\" rel=\"noopener noreferrer\">Saatchi Gallery<\/a>: en el 2012, <strong>Karl Lagerfeld<\/strong>, director creativo de la marca en los \u00faltimos 32 a\u00f1os, y la exdirectora de la revista <em>Vogue<\/em> en Francia, <strong>Carine Roitfeld<\/strong>, ocuparon la segunda planta con <em>La Petite Veste Noire<\/em>, oda a una de las piezas m\u00e1s ic\u00f3nicas de la firma: <a href=\"\/moda\/la-chaqueta-negra-de-chanel-vuelve-a-ser-protagonista\" target=\"_self\" rel=\"noopener noreferrer\">la chaqueta negra<\/a>. Y en el 2014, la artista <strong>Sam Taylor-Johnson<\/strong> coloc\u00f3 en las paredes de Saatchi fotograf\u00edas del apartamento privado de<strong> Chanel<\/strong> en la Rue Cambon de Par\u00eds. <\/p>\n<p>La nueva exhibici\u00f3n, llamada <em>Mademoiselle Priv\u00e9<\/em>, recorre esta vez los or\u00edgenes y la historia de la casa gala, desde su fundaci\u00f3n a manos de <strong>Gabrielle (Coco) Chanel<\/strong> hasta <strong>Karl Lagerfeld<\/strong>. Es una historia basada en la audacia, la libertad y la innovaci\u00f3n. A lo largo de las tres plantas de la galer\u00eda se mostrar\u00e1 la alta costura de la firma, las reediciones de la colecci\u00f3n de alta joyer\u00eda <em>Bijoux de Diamants <\/em>(la \u00fanica familia de joyas que surgi\u00f3 de la mente de<strong> Coco<\/strong> en 1932), y todo lo relacionado con el m\u00edtico perfume N\u00ba5.<\/p>\n<p><iframe loading=\"lazy\" width=\"750\" height=\"422\" src=\"https:\/\/player.vimeo.com\/video\/140635988?color=ffffff&#038;title=0&#038;byline=0&#038;portrait=0\" frameborder=\"0\"><\/iframe><\/p>\n<p>El \u00fanico inconveniente de esta muestra gratuita para el p\u00fablico es que solamente permanecer\u00e1 abierta hasta el pr\u00f3ximo 1 de noviembre, por lo que habr\u00e1 que darse prisa para poder verla.<\/p>\n<p>Sin dudas, la fiebre por exhibirse de las casas de moda y dise\u00f1o no tiene fin. Mientras Chanel presume en Londres, otras lo hacen en grandes museos, en galer\u00edas de renombre o en sus propias tiendas para sacar pecho de su legado. <\/p>\n<p><span style=\"color: rgb(102, 102, 102); line-height: 22px; padding-bottom: 5px;\"><\/span><img decoding=\"async\" class=\"img-responsive\" title=\"Chanel en la Saatchi de Londres\" alt=\"Chanel en la Saatchi de Londres\" src=\"\/files\/Images\/Bulletins\/Fashion\/chanel_saatchi_gallery\/Chanel-Saatchi-Gallery-02.jpg\"><br \/>\n<span style='color: rgb(0, 0, 0); line-height: 140%; font-family: arial, helvetica, \"sans serif\"; font-size: 11px;'><strong>1. Piezas del taller de Chanel<\/strong>. <br \/>\n<strong>2. Piezas del taller de Chanel<\/strong>.<br \/>\n<strong>3. La <strong style='text-align: left; color: rgb(0, 0, 0); text-transform: none; line-height: 15.4px; text-indent: 0px; letter-spacing: normal; font-family: arial, helvetica, \"sans serif\"; font-size: 11px; font-style: normal; font-variant: normal; word-spacing: 0px; white-space: normal; widows: 1; -webkit-text-stroke-width: 0px;'>emblem\u00e1tica Chanel Number 5<\/strong><\/strong>.<\/span><\/p>\n<p>La joyera <a href=\"http:\/\/www.chaumet.com\/\" target=\"_blank\" rel=\"noopener noreferrer\">Chaumet<\/a>, una casa con 235 a\u00f1os de historia que hoy pertenece al grupo franc\u00e9s LVMH, acaba de abrir un museo, aunque con fecha de caducidad, en el establecimiento que la marca dispone en la <a href=\"https:\/\/www.google.com\/maps\/place\/Place+Vend\u00f4me,+Paris,+France\/@48.8668096,2.319549,15z\/data=!3m1!4b1!4m2!3m1!1s0x47e66e3201ad2c71:0xa3687f4e82da3ea4\" target=\"_blank\" rel=\"noopener noreferrer\">Place Vend\u00f4me<\/a> de Par\u00eds en un edificio del siglo XVIII. Permanecer\u00e1 abierto hasta enero. <\/p>\n<p>Por su parte, la firma relojera <a href=\"http:\/\/www.breguet.com\/en\" target=\"_blank\" rel=\"noopener noreferrer\">Breguet<\/a>, del grupo suizo Swatch, ha hecho lo propio en los Fine Arts Museums of San Francisco, California, en el entorno del California Palace of the Legion of Honor. Son tantos sus hitos en la historia de la relojer\u00eda, tantas innovaciones que han marcado el devenir de la industria de relojes mec\u00e1nicos, que no pod\u00eda menos que instalarse en un gran espacio muse\u00edstico.<span style=\"color: rgb(0, 174, 239); font-family: georgia; font-size: 18px; vertical-align: baseline;\"> \u25a0<\/span><\/p>\n<p>\n<\/p>\n<p><\/span><\/article>\n","protected":false},"excerpt":{"rendered":"<p>La nueva exhibici\u00f3n de la influyente galer\u00eda brit\u00e1nica, titulada &#8216;Mademoiselle Priv\u00e9&#8217;, recorre los or\u00edgenes y la historia de la firma de moda gala.<\/p>\n","protected":false},"author":62,"featured_media":56137,"comment_status":"open","ping_status":"open","sticky":false,"template":"","format":"standard","meta":{"_acf_changed":false,"footnotes":""},"categories":[6199,6015],"tags":[],"class_list":["post-21477","post","type-post","status-publish","format-standard","has-post-thumbnail","hentry","category-arte","category-cultura","category-6199","category-6015","description-off"],"acf":[],"yoast_head":"<!-- This site is optimized with the Yoast SEO Premium plugin v27.4 (Yoast SEO v28.1) - https:\/\/yoast.com\/product\/yoast-seo-premium-wordpress\/ -->\n<title>Chanel En La Saatchi De Londres - AzureAzure.com<\/title>\n<meta name=\"description\" content=\"La nueva exhibici\u00f3n de la influyente galer\u00eda brit\u00e1nica, titulada &#039;Mademoiselle Priv\u00e9&#039;, recorre los or\u00edgenes y la historia de la firma de moda gala.\" \/>\n<meta name=\"robots\" content=\"index, follow, max-snippet:-1, max-image-preview:large, max-video-preview:-1\" \/>\n<link rel=\"canonical\" href=\"https:\/\/www.azureazure.com\/es\/cultura\/arte\/chanel-en-la-saatchi-de-londres\/\" \/>\n<meta property=\"og:locale\" content=\"es_ES\" \/>\n<meta property=\"og:type\" content=\"article\" \/>\n<meta property=\"og:title\" content=\"Chanel En La Saatchi De Londres\" \/>\n<meta property=\"og:description\" content=\"La nueva exhibici\u00f3n de la influyente galer\u00eda brit\u00e1nica, titulada &#039;Mademoiselle Priv\u00e9&#039;, recorre los or\u00edgenes y la historia de la firma de moda gala.\" \/>\n<meta property=\"og:url\" content=\"https:\/\/www.azureazure.com\/es\/cultura\/arte\/chanel-en-la-saatchi-de-londres\/\" \/>\n<meta property=\"og:site_name\" content=\"AzureAzure.com\" \/>\n<meta property=\"article:published_time\" content=\"2015-10-16T00:00:00+00:00\" \/>\n<meta property=\"article:modified_time\" content=\"2019-11-12T13:42:26+00:00\" \/>\n<meta property=\"og:image\" content=\"https:\/\/www.azureazure.com\/wp-content\/uploads\/2015\/10\/Chanel-At-The-Saatchi-Gallery-1.jpg\" \/>\n\t<meta property=\"og:image:width\" content=\"1280\" \/>\n\t<meta property=\"og:image:height\" content=\"785\" \/>\n\t<meta property=\"og:image:type\" content=\"image\/jpeg\" \/>\n<meta name=\"author\" content=\"Franky M.\" \/>\n<meta name=\"twitter:card\" content=\"summary_large_image\" \/>\n<meta name=\"twitter:label1\" content=\"Escrito por\" \/>\n\t<meta name=\"twitter:data1\" content=\"Franky M.\" \/>\n\t<meta name=\"twitter:label2\" content=\"Tiempo de lectura\" \/>\n\t<meta name=\"twitter:data2\" content=\"2 minutos\" \/>\n<script type=\"application\/ld+json\" class=\"yoast-schema-graph\">{\"@context\":\"https:\\\/\\\/schema.org\",\"@graph\":[{\"@type\":\"Article\",\"@id\":\"https:\\\/\\\/www.azureazure.com\\\/es\\\/cultura\\\/arte\\\/chanel-en-la-saatchi-de-londres\\\/#article\",\"isPartOf\":{\"@id\":\"https:\\\/\\\/www.azureazure.com\\\/es\\\/cultura\\\/arte\\\/chanel-en-la-saatchi-de-londres\\\/\"},\"author\":{\"name\":\"Franky M.\",\"@id\":\"https:\\\/\\\/www.azureazure.com\\\/es\\\/#\\\/schema\\\/person\\\/1a8e3fc8831f2042dc0181536a4127ac\"},\"headline\":\"Chanel En La Saatchi De Londres\",\"datePublished\":\"2015-10-16T00:00:00+00:00\",\"dateModified\":\"2019-11-12T13:42:26+00:00\",\"mainEntityOfPage\":{\"@id\":\"https:\\\/\\\/www.azureazure.com\\\/es\\\/cultura\\\/arte\\\/chanel-en-la-saatchi-de-londres\\\/\"},\"wordCount\":493,\"commentCount\":0,\"image\":{\"@id\":\"https:\\\/\\\/www.azureazure.com\\\/es\\\/cultura\\\/arte\\\/chanel-en-la-saatchi-de-londres\\\/#primaryimage\"},\"thumbnailUrl\":\"https:\\\/\\\/www.azureazure.com\\\/wp-content\\\/uploads\\\/2015\\\/10\\\/Chanel-At-The-Saatchi-Gallery-1.jpg\",\"articleSection\":[\"Arte\",\"Cultura\"],\"inLanguage\":\"es\",\"potentialAction\":[{\"@type\":\"CommentAction\",\"name\":\"Comment\",\"target\":[\"https:\\\/\\\/www.azureazure.com\\\/es\\\/cultura\\\/arte\\\/chanel-en-la-saatchi-de-londres\\\/#respond\"]}]},{\"@type\":\"WebPage\",\"@id\":\"https:\\\/\\\/www.azureazure.com\\\/es\\\/cultura\\\/arte\\\/chanel-en-la-saatchi-de-londres\\\/\",\"url\":\"https:\\\/\\\/www.azureazure.com\\\/es\\\/cultura\\\/arte\\\/chanel-en-la-saatchi-de-londres\\\/\",\"name\":\"Chanel En La Saatchi De Londres - AzureAzure.com\",\"isPartOf\":{\"@id\":\"https:\\\/\\\/www.azureazure.com\\\/es\\\/#website\"},\"primaryImageOfPage\":{\"@id\":\"https:\\\/\\\/www.azureazure.com\\\/es\\\/cultura\\\/arte\\\/chanel-en-la-saatchi-de-londres\\\/#primaryimage\"},\"image\":{\"@id\":\"https:\\\/\\\/www.azureazure.com\\\/es\\\/cultura\\\/arte\\\/chanel-en-la-saatchi-de-londres\\\/#primaryimage\"},\"thumbnailUrl\":\"https:\\\/\\\/www.azureazure.com\\\/wp-content\\\/uploads\\\/2015\\\/10\\\/Chanel-At-The-Saatchi-Gallery-1.jpg\",\"datePublished\":\"2015-10-16T00:00:00+00:00\",\"dateModified\":\"2019-11-12T13:42:26+00:00\",\"author\":{\"@id\":\"https:\\\/\\\/www.azureazure.com\\\/es\\\/#\\\/schema\\\/person\\\/1a8e3fc8831f2042dc0181536a4127ac\"},\"description\":\"La nueva exhibici\u00f3n de la influyente galer\u00eda brit\u00e1nica, titulada 'Mademoiselle Priv\u00e9', recorre los or\u00edgenes y la historia de la firma de moda gala.\",\"breadcrumb\":{\"@id\":\"https:\\\/\\\/www.azureazure.com\\\/es\\\/cultura\\\/arte\\\/chanel-en-la-saatchi-de-londres\\\/#breadcrumb\"},\"inLanguage\":\"es\",\"potentialAction\":[{\"@type\":\"ReadAction\",\"target\":[\"https:\\\/\\\/www.azureazure.com\\\/es\\\/cultura\\\/arte\\\/chanel-en-la-saatchi-de-londres\\\/\"]}]},{\"@type\":\"ImageObject\",\"inLanguage\":\"es\",\"@id\":\"https:\\\/\\\/www.azureazure.com\\\/es\\\/cultura\\\/arte\\\/chanel-en-la-saatchi-de-londres\\\/#primaryimage\",\"url\":\"https:\\\/\\\/www.azureazure.com\\\/wp-content\\\/uploads\\\/2015\\\/10\\\/Chanel-At-The-Saatchi-Gallery-1.jpg\",\"contentUrl\":\"https:\\\/\\\/www.azureazure.com\\\/wp-content\\\/uploads\\\/2015\\\/10\\\/Chanel-At-The-Saatchi-Gallery-1.jpg\",\"width\":1280,\"height\":785},{\"@type\":\"BreadcrumbList\",\"@id\":\"https:\\\/\\\/www.azureazure.com\\\/es\\\/cultura\\\/arte\\\/chanel-en-la-saatchi-de-londres\\\/#breadcrumb\",\"itemListElement\":[{\"@type\":\"ListItem\",\"position\":1,\"name\":\"Home\",\"item\":\"https:\\\/\\\/www.azureazure.com\\\/es\\\/\"},{\"@type\":\"ListItem\",\"position\":2,\"name\":\"Chanel En La Saatchi De Londres\"}]},{\"@type\":\"WebSite\",\"@id\":\"https:\\\/\\\/www.azureazure.com\\\/es\\\/#website\",\"url\":\"https:\\\/\\\/www.azureazure.com\\\/es\\\/\",\"name\":\"AzureAzure.com\",\"description\":\"Luxury Global Magazine\",\"potentialAction\":[{\"@type\":\"SearchAction\",\"target\":{\"@type\":\"EntryPoint\",\"urlTemplate\":\"https:\\\/\\\/www.azureazure.com\\\/es\\\/?s={search_term_string}\"},\"query-input\":{\"@type\":\"PropertyValueSpecification\",\"valueRequired\":true,\"valueName\":\"search_term_string\"}}],\"inLanguage\":\"es\"},{\"@type\":\"Person\",\"@id\":\"https:\\\/\\\/www.azureazure.com\\\/es\\\/#\\\/schema\\\/person\\\/1a8e3fc8831f2042dc0181536a4127ac\",\"name\":\"Franky M.\",\"image\":{\"@type\":\"ImageObject\",\"inLanguage\":\"es\",\"@id\":\"https:\\\/\\\/secure.gravatar.com\\\/avatar\\\/b0c7bac1de033357085d0947f7e9f43f60fc152cab721f9b35dfb1a3f358a5d9?s=96&d=mm&r=g\",\"url\":\"https:\\\/\\\/secure.gravatar.com\\\/avatar\\\/b0c7bac1de033357085d0947f7e9f43f60fc152cab721f9b35dfb1a3f358a5d9?s=96&d=mm&r=g\",\"contentUrl\":\"https:\\\/\\\/secure.gravatar.com\\\/avatar\\\/b0c7bac1de033357085d0947f7e9f43f60fc152cab721f9b35dfb1a3f358a5d9?s=96&d=mm&r=g\",\"caption\":\"Franky M.\"},\"url\":\"https:\\\/\\\/www.azureazure.com\\\/es\\\/author\\\/franky-m\\\/\"}]}<\/script>\n<!-- \/ Yoast SEO Premium plugin. -->","yoast_head_json":{"title":"Chanel En La Saatchi De Londres - AzureAzure.com","description":"La nueva exhibici\u00f3n de la influyente galer\u00eda brit\u00e1nica, titulada 'Mademoiselle Priv\u00e9', recorre los or\u00edgenes y la historia de la firma de moda gala.","robots":{"index":"index","follow":"follow","max-snippet":"max-snippet:-1","max-image-preview":"max-image-preview:large","max-video-preview":"max-video-preview:-1"},"canonical":"https:\/\/www.azureazure.com\/es\/cultura\/arte\/chanel-en-la-saatchi-de-londres\/","og_locale":"es_ES","og_type":"article","og_title":"Chanel En La Saatchi De Londres","og_description":"La nueva exhibici\u00f3n de la influyente galer\u00eda brit\u00e1nica, titulada 'Mademoiselle Priv\u00e9', recorre los or\u00edgenes y la historia de la firma de moda gala.","og_url":"https:\/\/www.azureazure.com\/es\/cultura\/arte\/chanel-en-la-saatchi-de-londres\/","og_site_name":"AzureAzure.com","article_published_time":"2015-10-16T00:00:00+00:00","article_modified_time":"2019-11-12T13:42:26+00:00","og_image":[{"width":1280,"height":785,"url":"https:\/\/www.azureazure.com\/wp-content\/uploads\/2015\/10\/Chanel-At-The-Saatchi-Gallery-1.jpg","type":"image\/jpeg"}],"author":"Franky M.","twitter_card":"summary_large_image","twitter_misc":{"Escrito por":"Franky M.","Tiempo de lectura":"2 minutos"},"schema":{"@context":"https:\/\/schema.org","@graph":[{"@type":"Article","@id":"https:\/\/www.azureazure.com\/es\/cultura\/arte\/chanel-en-la-saatchi-de-londres\/#article","isPartOf":{"@id":"https:\/\/www.azureazure.com\/es\/cultura\/arte\/chanel-en-la-saatchi-de-londres\/"},"author":{"name":"Franky M.","@id":"https:\/\/www.azureazure.com\/es\/#\/schema\/person\/1a8e3fc8831f2042dc0181536a4127ac"},"headline":"Chanel En La Saatchi De Londres","datePublished":"2015-10-16T00:00:00+00:00","dateModified":"2019-11-12T13:42:26+00:00","mainEntityOfPage":{"@id":"https:\/\/www.azureazure.com\/es\/cultura\/arte\/chanel-en-la-saatchi-de-londres\/"},"wordCount":493,"commentCount":0,"image":{"@id":"https:\/\/www.azureazure.com\/es\/cultura\/arte\/chanel-en-la-saatchi-de-londres\/#primaryimage"},"thumbnailUrl":"https:\/\/www.azureazure.com\/wp-content\/uploads\/2015\/10\/Chanel-At-The-Saatchi-Gallery-1.jpg","articleSection":["Arte","Cultura"],"inLanguage":"es","potentialAction":[{"@type":"CommentAction","name":"Comment","target":["https:\/\/www.azureazure.com\/es\/cultura\/arte\/chanel-en-la-saatchi-de-londres\/#respond"]}]},{"@type":"WebPage","@id":"https:\/\/www.azureazure.com\/es\/cultura\/arte\/chanel-en-la-saatchi-de-londres\/","url":"https:\/\/www.azureazure.com\/es\/cultura\/arte\/chanel-en-la-saatchi-de-londres\/","name":"Chanel En La Saatchi De Londres - AzureAzure.com","isPartOf":{"@id":"https:\/\/www.azureazure.com\/es\/#website"},"primaryImageOfPage":{"@id":"https:\/\/www.azureazure.com\/es\/cultura\/arte\/chanel-en-la-saatchi-de-londres\/#primaryimage"},"image":{"@id":"https:\/\/www.azureazure.com\/es\/cultura\/arte\/chanel-en-la-saatchi-de-londres\/#primaryimage"},"thumbnailUrl":"https:\/\/www.azureazure.com\/wp-content\/uploads\/2015\/10\/Chanel-At-The-Saatchi-Gallery-1.jpg","datePublished":"2015-10-16T00:00:00+00:00","dateModified":"2019-11-12T13:42:26+00:00","author":{"@id":"https:\/\/www.azureazure.com\/es\/#\/schema\/person\/1a8e3fc8831f2042dc0181536a4127ac"},"description":"La nueva exhibici\u00f3n de la influyente galer\u00eda brit\u00e1nica, titulada 'Mademoiselle Priv\u00e9', recorre los or\u00edgenes y la historia de la firma de moda gala.","breadcrumb":{"@id":"https:\/\/www.azureazure.com\/es\/cultura\/arte\/chanel-en-la-saatchi-de-londres\/#breadcrumb"},"inLanguage":"es","potentialAction":[{"@type":"ReadAction","target":["https:\/\/www.azureazure.com\/es\/cultura\/arte\/chanel-en-la-saatchi-de-londres\/"]}]},{"@type":"ImageObject","inLanguage":"es","@id":"https:\/\/www.azureazure.com\/es\/cultura\/arte\/chanel-en-la-saatchi-de-londres\/#primaryimage","url":"https:\/\/www.azureazure.com\/wp-content\/uploads\/2015\/10\/Chanel-At-The-Saatchi-Gallery-1.jpg","contentUrl":"https:\/\/www.azureazure.com\/wp-content\/uploads\/2015\/10\/Chanel-At-The-Saatchi-Gallery-1.jpg","width":1280,"height":785},{"@type":"BreadcrumbList","@id":"https:\/\/www.azureazure.com\/es\/cultura\/arte\/chanel-en-la-saatchi-de-londres\/#breadcrumb","itemListElement":[{"@type":"ListItem","position":1,"name":"Home","item":"https:\/\/www.azureazure.com\/es\/"},{"@type":"ListItem","position":2,"name":"Chanel En La Saatchi De Londres"}]},{"@type":"WebSite","@id":"https:\/\/www.azureazure.com\/es\/#website","url":"https:\/\/www.azureazure.com\/es\/","name":"AzureAzure.com","description":"Luxury Global Magazine","potentialAction":[{"@type":"SearchAction","target":{"@type":"EntryPoint","urlTemplate":"https:\/\/www.azureazure.com\/es\/?s={search_term_string}"},"query-input":{"@type":"PropertyValueSpecification","valueRequired":true,"valueName":"search_term_string"}}],"inLanguage":"es"},{"@type":"Person","@id":"https:\/\/www.azureazure.com\/es\/#\/schema\/person\/1a8e3fc8831f2042dc0181536a4127ac","name":"Franky M.","image":{"@type":"ImageObject","inLanguage":"es","@id":"https:\/\/secure.gravatar.com\/avatar\/b0c7bac1de033357085d0947f7e9f43f60fc152cab721f9b35dfb1a3f358a5d9?s=96&d=mm&r=g","url":"https:\/\/secure.gravatar.com\/avatar\/b0c7bac1de033357085d0947f7e9f43f60fc152cab721f9b35dfb1a3f358a5d9?s=96&d=mm&r=g","contentUrl":"https:\/\/secure.gravatar.com\/avatar\/b0c7bac1de033357085d0947f7e9f43f60fc152cab721f9b35dfb1a3f358a5d9?s=96&d=mm&r=g","caption":"Franky M."},"url":"https:\/\/www.azureazure.com\/es\/author\/franky-m\/"}]}},"_links":{"self":[{"href":"https:\/\/www.azureazure.com\/es\/wp-json\/wp\/v2\/posts\/21477","targetHints":{"allow":["GET"]}}],"collection":[{"href":"https:\/\/www.azureazure.com\/es\/wp-json\/wp\/v2\/posts"}],"about":[{"href":"https:\/\/www.azureazure.com\/es\/wp-json\/wp\/v2\/types\/post"}],"author":[{"embeddable":true,"href":"https:\/\/www.azureazure.com\/es\/wp-json\/wp\/v2\/users\/62"}],"replies":[{"embeddable":true,"href":"https:\/\/www.azureazure.com\/es\/wp-json\/wp\/v2\/comments?post=21477"}],"version-history":[{"count":0,"href":"https:\/\/www.azureazure.com\/es\/wp-json\/wp\/v2\/posts\/21477\/revisions"}],"wp:featuredmedia":[{"embeddable":true,"href":"https:\/\/www.azureazure.com\/es\/wp-json\/wp\/v2\/media\/56137"}],"wp:attachment":[{"href":"https:\/\/www.azureazure.com\/es\/wp-json\/wp\/v2\/media?parent=21477"}],"wp:term":[{"taxonomy":"category","embeddable":true,"href":"https:\/\/www.azureazure.com\/es\/wp-json\/wp\/v2\/categories?post=21477"},{"taxonomy":"post_tag","embeddable":true,"href":"https:\/\/www.azureazure.com\/es\/wp-json\/wp\/v2\/tags?post=21477"}],"curies":[{"name":"wp","href":"https:\/\/api.w.org\/{rel}","templated":true}]}}