{"id":21380,"date":"2015-12-30T00:00:00","date_gmt":"2015-12-30T00:00:00","guid":{"rendered":"https:\/\/www.azureazure.com\/sin-categorizar\/obidos-y-tomar-fascinantes-castillos-de-portugal"},"modified":"2019-11-12T08:41:31","modified_gmt":"2019-11-12T13:41:31","slug":"obidos-y-tomar-portugal","status":"publish","type":"post","link":"https:\/\/www.azureazure.com\/es\/viajes\/destinos\/obidos-y-tomar-portugal\/","title":{"rendered":"\u00d3bidos y Tomar: Fascinantes castillos de Portugal"},"content":{"rendered":"<div id=\"Body_MasterContent_element_2616_BodyFieldHolder\">\n<article>\n<p><span style=\"color: rgb(102, 102, 102); line-height: 22px; font-family: georgia; font-size: 15px;\">Portugal est\u00e1 colmado de admirables fortalezas que ocupan puntos estrat\u00e9gicos y que muestran al visitante la historia de un pa\u00eds que ha jugado un rol importante en la historia de Europa a lo largo de los siglos. Monumentos de piedra que nos hablan de monarcas, conquistas, guerras y epopeyas memorables. Hoy les traigo como tema el castillo de \u00d3bidos, claro ejemplo de fortificaci\u00f3n medieval t\u00edpicamente portuguesa, y el castillo de Tomar, que fuese propiedad de la orden de los Templarios adem\u00e1s de convento, en los cuales se dan cita simult\u00e1neamente la arquitectura y la historia de una gran naci\u00f3n.<\/span><\/p>\n<p><span style=\"color: rgb(102, 102, 102); line-height: 22px; font-family: georgia; font-size: 15px;\"><br \/>\n<strong>Castillo de \u00d3bidos<\/strong><\/span><\/p>\n<p><span style=\"color: rgb(102, 102, 102); line-height: 22px; font-family: georgia; font-size: 15px;\">En lo alto de una colina que se eleva de modo gr\u00e1cil sobre una llanura eminentemente agr\u00edcola, se encuentra la localidad de <a href=\"https:\/\/www.google.com\/maps?client=safari&#038;rls=en&#038;q=%c3%93bidos&#038;oe=UTF-8&#038;um=1&#038;ie=UTF-8&#038;sa=X&#038;ved=0ahUKEwjlv-bu3ILKAhXFXR4KHbnqDiwQ_AUIBygB\" target=\"_blank\" rel=\"noopener noreferrer\">\u00d3bidos<\/a>, una de las poblaciones m\u00e1s pintorescas de Portugal. La palabra \u00d3bidos, deriva del lat\u00edn y significa ciudadela, pues ya en tiempos de los romanos exist\u00eda aqu\u00ed una peque\u00f1a fortificaci\u00f3n defensiva. El castillo fue construido por los \u00e1rabes durante los siglos en que ocuparon la pen\u00ednsula ib\u00e9rica. <\/span><span style=\"color: rgb(102, 102, 102); font-family: georgia; font-size: 15px;\">Tras la conquista cristiana (1148), fue renovado y ampliado varias veces.<\/span><\/p>\n<p><span style=\"color: rgb(102, 102, 102); line-height: 22px; font-family: georgia; font-size: 15px;\"><img decoding=\"async\" class=\"img-responsive\" alt=\"\" src=\"\/files\/Images\/Bulletins\/Travel\/obidus_tomar\/obidus_tomar001.jpg\"><\/p>\n<p>Durante el reinado del rey <strong>Manuel I<\/strong>, en el siglo XV, el gobernador del poblado orden\u00f3 la construcci\u00f3n de un palacio y modific\u00f3 algunas partes de la fortificaci\u00f3n. En el palacio del <em>Alcaide<\/em>, por ejemplo, se pueden encontrar ventanas con el estilo g\u00f3tico t\u00edpico de Portugal, el Manuelino, y en la Iglesia de Santa Mar\u00eda, el pr\u00edncipe <strong>Alfonso V<\/strong> contrajo matrimonio con su joven prima. En ese templo se observan azulejos del siglo XVII, que decoran los muros que a su vez resguardan a un grupo de tumbas renacentistas as\u00ed como las pinturas de la artista <strong>Josefa d&#8217;\u00d3bidos<\/strong>.<\/span><\/p>\n<p><span style=\"color: rgb(102, 102, 102); line-height: 22px; font-family: georgia; font-size: 15px;\">El palacio sufri\u00f3 grandes da\u00f1os con el terremoto que asol\u00f3 el pa\u00eds en 1755, y durante gran parte del siglo XX fue una ruina, hasta que finalmente se restaur\u00f3 para convertirse en la primera <em><a href=\"http:\/\/www.pousadasofportugal.com\/pousadas\/obidos\/\" target=\"_blank\" rel=\"noopener noreferrer\">Pousada<\/a><\/em> de la red de hoteles estatales de lujo de Portugal.<\/span><\/p>\n<p><strong style=\"color: rgb(102, 102, 102); font-family: georgia; font-size: 15px;\">Castillo de Tomar<\/strong><\/p>\n<p><span style=\"color: rgb(102, 102, 102); line-height: 22px; font-family: georgia; font-size: 15px;\">El principal punto de atracci\u00f3n para los turistas que acuden a la ciudad de <a href=\"https:\/\/www.google.com\/maps\/place\/Tomar,+Portugal\/@39.5921064,-8.516028,11z\/data=!3m1!4b1!4m2!3m1!1s0xd187bde063d0d91:0x400ebbde4903a80\" target=\"_blank\" rel=\"noopener noreferrer\">Tomar<\/a> es el <a href=\"http:\/\/www.templarknights.eu\/about-tomar\/\" target=\"_blank\" rel=\"noopener noreferrer\">castillo de los Caballeros Templarios<\/a>, declarado Patrimonio de la Humanidad por la UNESCO, en cuyo interior se localiza el Convento de Cristo. Ubicado en una colina junto al r\u00edo <em>Nab\u00e4o<\/em>, se construy\u00f3 a principios del siglo XII como enclave de resistencia en la franja fronteriza con los territorios propiedad de los musulmanes. Es un castillo de enormes proporciones, constituyendo una de las mayores construcciones defensivas de la pen\u00ednsula ib\u00e9rica.<\/span><\/p>\n<p><span style=\"color: rgb(102, 102, 102); line-height: 22px; font-family: georgia; font-size: 15px;\"><img decoding=\"async\" class=\"img-responsive\" alt=\"\" src=\"\/files\/Images\/Bulletins\/Travel\/obidus_tomar\/obidus_tomar002.jpg\"><\/p>\n<p>Tanto el castillo como el Convento de Cristo \u2013el cual se alza sobre la cima de una colina dentro de las murallas del Castillo Templario- fueron sede de la Orden de los Templarios hasta el a\u00f1o 1314 y, a partir de 1347, aloj\u00f3 a la Orden de Cristo. La construcci\u00f3n del Convento de Cristo dur\u00f3 del siglo XII al XVII y visitarlo es una experiencia \u00fanica, pues en la vetusta edificaci\u00f3n se entremezclan los estilos rom\u00e1nico, g\u00f3tico, manuelino y renacentista.<\/span><\/p>\n<p><span style=\"color: rgb(102, 102, 102); line-height: 22px; font-family: georgia; font-size: 15px;\">En su interior son notables sus dos claustros g\u00f3ticos y la rotonda de los Templarios, construcci\u00f3n de dos pisos sostenida por ocho pilares, que sigue el modelo del Santo Sepulcro de Jerusal\u00e9n. Destaca tambi\u00e9n la <em>Ventana do Cap\u00edtulo<\/em>, obra del arquitecto <strong>Diogo de Arruda<\/strong>, una fascinante muestra del estilo manuelino cuya talla incluye motivos vegetales, nudos, cuerdas torcidas y lazos intrincados. Una verdadera joya de arte decorativo.<\/span><span style=\"color: rgb(0, 174, 239); line-height: 22px; font-family: georgia; font-size: 18px;\"> \u25a0<\/span><\/p>\n<p><span style=\"padding: 0px 0px 6px; width: 100%; color: rgb(0, 174, 239); line-height: 22px; font-family: georgia; font-size: 21px; border-bottom-color: rgb(0, 0, 0); border-bottom-width: 1px; border-bottom-style: dotted; float: left;\"><\/span><\/article>\n","protected":false},"excerpt":{"rendered":"<p>Dos castillos en los cuales se dan cita simult\u00e1neamente la arquitectura y la historia de una gran naci\u00f3n.<\/p>\n","protected":false},"author":127,"featured_media":14484,"comment_status":"open","ping_status":"open","sticky":false,"template":"","format":"standard","meta":{"_acf_changed":false,"_exactmetrics_skip_tracking":false,"_exactmetrics_sitenote_active":false,"_exactmetrics_sitenote_note":"","_exactmetrics_sitenote_category":0,"footnotes":""},"categories":[6014,6013],"tags":[],"class_list":["post-21380","post","type-post","status-publish","format-standard","has-post-thumbnail","hentry","category-destinos","category-viajes","category-6014","category-6013","description-off"],"acf":[],"yoast_head":"<!-- This site is optimized with the Yoast SEO Premium plugin v27.4 (Yoast SEO v27.4) - https:\/\/yoast.com\/product\/yoast-seo-premium-wordpress\/ -->\n<title>\u00d3bidos y Tomar: Fascinantes castillos de Portugal - AzureAzure.com<\/title>\n<meta name=\"description\" content=\"Dos castillos en los cuales se dan cita simult\u00e1neamente la arquitectura y la historia de una gran naci\u00f3n.\" \/>\n<meta name=\"robots\" content=\"index, follow, max-snippet:-1, max-image-preview:large, max-video-preview:-1\" \/>\n<link rel=\"canonical\" href=\"https:\/\/www.azureazure.com\/es\/viajes\/destinos\/obidos-y-tomar-portugal\/\" \/>\n<meta property=\"og:locale\" content=\"es_ES\" \/>\n<meta property=\"og:type\" content=\"article\" \/>\n<meta property=\"og:title\" content=\"\u00d3bidos y Tomar: Fascinantes castillos de Portugal\" \/>\n<meta property=\"og:description\" content=\"Dos castillos en los cuales se dan cita simult\u00e1neamente la arquitectura y la historia de una gran naci\u00f3n.\" \/>\n<meta property=\"og:url\" content=\"https:\/\/www.azureazure.com\/es\/viajes\/destinos\/obidos-y-tomar-portugal\/\" \/>\n<meta property=\"og:site_name\" content=\"AzureAzure.com\" \/>\n<meta property=\"article:published_time\" content=\"2015-12-30T00:00:00+00:00\" \/>\n<meta property=\"article:modified_time\" content=\"2019-11-12T13:41:31+00:00\" \/>\n<meta property=\"og:image\" content=\"https:\/\/www.azureazure.com\/wp-content\/uploads\/2019\/06\/Travel-Obidos-Tomar-Featured.jpg\" \/>\n\t<meta property=\"og:image:width\" content=\"380\" \/>\n\t<meta property=\"og:image:height\" content=\"380\" \/>\n\t<meta property=\"og:image:type\" content=\"image\/jpeg\" \/>\n<meta name=\"author\" content=\"Nicholas Sterling\" \/>\n<meta name=\"twitter:card\" content=\"summary_large_image\" \/>\n<meta name=\"twitter:label1\" content=\"Escrito por\" \/>\n\t<meta name=\"twitter:data1\" content=\"Nicholas Sterling\" \/>\n\t<meta name=\"twitter:label2\" content=\"Tiempo de lectura\" \/>\n\t<meta name=\"twitter:data2\" content=\"3 minutos\" \/>\n<script type=\"application\/ld+json\" class=\"yoast-schema-graph\">{\"@context\":\"https:\\\/\\\/schema.org\",\"@graph\":[{\"@type\":\"Article\",\"@id\":\"https:\\\/\\\/www.azureazure.com\\\/es\\\/viajes\\\/destinos\\\/obidos-y-tomar-portugal\\\/#article\",\"isPartOf\":{\"@id\":\"https:\\\/\\\/www.azureazure.com\\\/es\\\/viajes\\\/destinos\\\/obidos-y-tomar-portugal\\\/\"},\"author\":{\"name\":\"Nicholas Sterling\",\"@id\":\"https:\\\/\\\/www.azureazure.com\\\/es\\\/#\\\/schema\\\/person\\\/913ad2f50c843361d7234aa571e030d9\"},\"headline\":\"\u00d3bidos y Tomar: Fascinantes castillos de Portugal\",\"datePublished\":\"2015-12-30T00:00:00+00:00\",\"dateModified\":\"2019-11-12T13:41:31+00:00\",\"mainEntityOfPage\":{\"@id\":\"https:\\\/\\\/www.azureazure.com\\\/es\\\/viajes\\\/destinos\\\/obidos-y-tomar-portugal\\\/\"},\"wordCount\":604,\"commentCount\":0,\"image\":{\"@id\":\"https:\\\/\\\/www.azureazure.com\\\/es\\\/viajes\\\/destinos\\\/obidos-y-tomar-portugal\\\/#primaryimage\"},\"thumbnailUrl\":\"https:\\\/\\\/www.azureazure.com\\\/wp-content\\\/uploads\\\/2019\\\/06\\\/Travel-Obidos-Tomar-Featured.jpg\",\"articleSection\":[\"Destinos\",\"Viajes\"],\"inLanguage\":\"es\",\"potentialAction\":[{\"@type\":\"CommentAction\",\"name\":\"Comment\",\"target\":[\"https:\\\/\\\/www.azureazure.com\\\/es\\\/viajes\\\/destinos\\\/obidos-y-tomar-portugal\\\/#respond\"]}]},{\"@type\":\"WebPage\",\"@id\":\"https:\\\/\\\/www.azureazure.com\\\/es\\\/viajes\\\/destinos\\\/obidos-y-tomar-portugal\\\/\",\"url\":\"https:\\\/\\\/www.azureazure.com\\\/es\\\/viajes\\\/destinos\\\/obidos-y-tomar-portugal\\\/\",\"name\":\"\u00d3bidos y Tomar: Fascinantes castillos de Portugal - AzureAzure.com\",\"isPartOf\":{\"@id\":\"https:\\\/\\\/www.azureazure.com\\\/es\\\/#website\"},\"primaryImageOfPage\":{\"@id\":\"https:\\\/\\\/www.azureazure.com\\\/es\\\/viajes\\\/destinos\\\/obidos-y-tomar-portugal\\\/#primaryimage\"},\"image\":{\"@id\":\"https:\\\/\\\/www.azureazure.com\\\/es\\\/viajes\\\/destinos\\\/obidos-y-tomar-portugal\\\/#primaryimage\"},\"thumbnailUrl\":\"https:\\\/\\\/www.azureazure.com\\\/wp-content\\\/uploads\\\/2019\\\/06\\\/Travel-Obidos-Tomar-Featured.jpg\",\"datePublished\":\"2015-12-30T00:00:00+00:00\",\"dateModified\":\"2019-11-12T13:41:31+00:00\",\"author\":{\"@id\":\"https:\\\/\\\/www.azureazure.com\\\/es\\\/#\\\/schema\\\/person\\\/913ad2f50c843361d7234aa571e030d9\"},\"description\":\"Dos castillos en los cuales se dan cita simult\u00e1neamente la arquitectura y la historia de una gran naci\u00f3n.\",\"breadcrumb\":{\"@id\":\"https:\\\/\\\/www.azureazure.com\\\/es\\\/viajes\\\/destinos\\\/obidos-y-tomar-portugal\\\/#breadcrumb\"},\"inLanguage\":\"es\",\"potentialAction\":[{\"@type\":\"ReadAction\",\"target\":[\"https:\\\/\\\/www.azureazure.com\\\/es\\\/viajes\\\/destinos\\\/obidos-y-tomar-portugal\\\/\"]}]},{\"@type\":\"ImageObject\",\"inLanguage\":\"es\",\"@id\":\"https:\\\/\\\/www.azureazure.com\\\/es\\\/viajes\\\/destinos\\\/obidos-y-tomar-portugal\\\/#primaryimage\",\"url\":\"https:\\\/\\\/www.azureazure.com\\\/wp-content\\\/uploads\\\/2019\\\/06\\\/Travel-Obidos-Tomar-Featured.jpg\",\"contentUrl\":\"https:\\\/\\\/www.azureazure.com\\\/wp-content\\\/uploads\\\/2019\\\/06\\\/Travel-Obidos-Tomar-Featured.jpg\",\"width\":380,\"height\":380},{\"@type\":\"BreadcrumbList\",\"@id\":\"https:\\\/\\\/www.azureazure.com\\\/es\\\/viajes\\\/destinos\\\/obidos-y-tomar-portugal\\\/#breadcrumb\",\"itemListElement\":[{\"@type\":\"ListItem\",\"position\":1,\"name\":\"Home\",\"item\":\"https:\\\/\\\/www.azureazure.com\\\/es\\\/\"},{\"@type\":\"ListItem\",\"position\":2,\"name\":\"\u00d3bidos y Tomar: Fascinantes castillos de Portugal\"}]},{\"@type\":\"WebSite\",\"@id\":\"https:\\\/\\\/www.azureazure.com\\\/es\\\/#website\",\"url\":\"https:\\\/\\\/www.azureazure.com\\\/es\\\/\",\"name\":\"AzureAzure.com\",\"description\":\"Luxury Global Magazine\",\"potentialAction\":[{\"@type\":\"SearchAction\",\"target\":{\"@type\":\"EntryPoint\",\"urlTemplate\":\"https:\\\/\\\/www.azureazure.com\\\/es\\\/?s={search_term_string}\"},\"query-input\":{\"@type\":\"PropertyValueSpecification\",\"valueRequired\":true,\"valueName\":\"search_term_string\"}}],\"inLanguage\":\"es\"},{\"@type\":\"Person\",\"@id\":\"https:\\\/\\\/www.azureazure.com\\\/es\\\/#\\\/schema\\\/person\\\/913ad2f50c843361d7234aa571e030d9\",\"name\":\"Nicholas Sterling\",\"image\":{\"@type\":\"ImageObject\",\"inLanguage\":\"es\",\"@id\":\"https:\\\/\\\/secure.gravatar.com\\\/avatar\\\/5feb9195beaadfea6126a2d17bacb12f222ac18c29957d91022c1e3138ccc47c?s=96&d=mm&r=g\",\"url\":\"https:\\\/\\\/secure.gravatar.com\\\/avatar\\\/5feb9195beaadfea6126a2d17bacb12f222ac18c29957d91022c1e3138ccc47c?s=96&d=mm&r=g\",\"contentUrl\":\"https:\\\/\\\/secure.gravatar.com\\\/avatar\\\/5feb9195beaadfea6126a2d17bacb12f222ac18c29957d91022c1e3138ccc47c?s=96&d=mm&r=g\",\"caption\":\"Nicholas Sterling\"},\"url\":\"https:\\\/\\\/www.azureazure.com\\\/es\\\/author\\\/nicholas-sterling\\\/\"}]}<\/script>\n<!-- \/ Yoast SEO Premium plugin. -->","yoast_head_json":{"title":"\u00d3bidos y Tomar: Fascinantes castillos de Portugal - AzureAzure.com","description":"Dos castillos en los cuales se dan cita simult\u00e1neamente la arquitectura y la historia de una gran naci\u00f3n.","robots":{"index":"index","follow":"follow","max-snippet":"max-snippet:-1","max-image-preview":"max-image-preview:large","max-video-preview":"max-video-preview:-1"},"canonical":"https:\/\/www.azureazure.com\/es\/viajes\/destinos\/obidos-y-tomar-portugal\/","og_locale":"es_ES","og_type":"article","og_title":"\u00d3bidos y Tomar: Fascinantes castillos de Portugal","og_description":"Dos castillos en los cuales se dan cita simult\u00e1neamente la arquitectura y la historia de una gran naci\u00f3n.","og_url":"https:\/\/www.azureazure.com\/es\/viajes\/destinos\/obidos-y-tomar-portugal\/","og_site_name":"AzureAzure.com","article_published_time":"2015-12-30T00:00:00+00:00","article_modified_time":"2019-11-12T13:41:31+00:00","og_image":[{"width":380,"height":380,"url":"https:\/\/www.azureazure.com\/wp-content\/uploads\/2019\/06\/Travel-Obidos-Tomar-Featured.jpg","type":"image\/jpeg"}],"author":"Nicholas Sterling","twitter_card":"summary_large_image","twitter_misc":{"Escrito por":"Nicholas Sterling","Tiempo de lectura":"3 minutos"},"schema":{"@context":"https:\/\/schema.org","@graph":[{"@type":"Article","@id":"https:\/\/www.azureazure.com\/es\/viajes\/destinos\/obidos-y-tomar-portugal\/#article","isPartOf":{"@id":"https:\/\/www.azureazure.com\/es\/viajes\/destinos\/obidos-y-tomar-portugal\/"},"author":{"name":"Nicholas Sterling","@id":"https:\/\/www.azureazure.com\/es\/#\/schema\/person\/913ad2f50c843361d7234aa571e030d9"},"headline":"\u00d3bidos y Tomar: Fascinantes castillos de Portugal","datePublished":"2015-12-30T00:00:00+00:00","dateModified":"2019-11-12T13:41:31+00:00","mainEntityOfPage":{"@id":"https:\/\/www.azureazure.com\/es\/viajes\/destinos\/obidos-y-tomar-portugal\/"},"wordCount":604,"commentCount":0,"image":{"@id":"https:\/\/www.azureazure.com\/es\/viajes\/destinos\/obidos-y-tomar-portugal\/#primaryimage"},"thumbnailUrl":"https:\/\/www.azureazure.com\/wp-content\/uploads\/2019\/06\/Travel-Obidos-Tomar-Featured.jpg","articleSection":["Destinos","Viajes"],"inLanguage":"es","potentialAction":[{"@type":"CommentAction","name":"Comment","target":["https:\/\/www.azureazure.com\/es\/viajes\/destinos\/obidos-y-tomar-portugal\/#respond"]}]},{"@type":"WebPage","@id":"https:\/\/www.azureazure.com\/es\/viajes\/destinos\/obidos-y-tomar-portugal\/","url":"https:\/\/www.azureazure.com\/es\/viajes\/destinos\/obidos-y-tomar-portugal\/","name":"\u00d3bidos y Tomar: Fascinantes castillos de Portugal - AzureAzure.com","isPartOf":{"@id":"https:\/\/www.azureazure.com\/es\/#website"},"primaryImageOfPage":{"@id":"https:\/\/www.azureazure.com\/es\/viajes\/destinos\/obidos-y-tomar-portugal\/#primaryimage"},"image":{"@id":"https:\/\/www.azureazure.com\/es\/viajes\/destinos\/obidos-y-tomar-portugal\/#primaryimage"},"thumbnailUrl":"https:\/\/www.azureazure.com\/wp-content\/uploads\/2019\/06\/Travel-Obidos-Tomar-Featured.jpg","datePublished":"2015-12-30T00:00:00+00:00","dateModified":"2019-11-12T13:41:31+00:00","author":{"@id":"https:\/\/www.azureazure.com\/es\/#\/schema\/person\/913ad2f50c843361d7234aa571e030d9"},"description":"Dos castillos en los cuales se dan cita simult\u00e1neamente la arquitectura y la historia de una gran naci\u00f3n.","breadcrumb":{"@id":"https:\/\/www.azureazure.com\/es\/viajes\/destinos\/obidos-y-tomar-portugal\/#breadcrumb"},"inLanguage":"es","potentialAction":[{"@type":"ReadAction","target":["https:\/\/www.azureazure.com\/es\/viajes\/destinos\/obidos-y-tomar-portugal\/"]}]},{"@type":"ImageObject","inLanguage":"es","@id":"https:\/\/www.azureazure.com\/es\/viajes\/destinos\/obidos-y-tomar-portugal\/#primaryimage","url":"https:\/\/www.azureazure.com\/wp-content\/uploads\/2019\/06\/Travel-Obidos-Tomar-Featured.jpg","contentUrl":"https:\/\/www.azureazure.com\/wp-content\/uploads\/2019\/06\/Travel-Obidos-Tomar-Featured.jpg","width":380,"height":380},{"@type":"BreadcrumbList","@id":"https:\/\/www.azureazure.com\/es\/viajes\/destinos\/obidos-y-tomar-portugal\/#breadcrumb","itemListElement":[{"@type":"ListItem","position":1,"name":"Home","item":"https:\/\/www.azureazure.com\/es\/"},{"@type":"ListItem","position":2,"name":"\u00d3bidos y Tomar: Fascinantes castillos de Portugal"}]},{"@type":"WebSite","@id":"https:\/\/www.azureazure.com\/es\/#website","url":"https:\/\/www.azureazure.com\/es\/","name":"AzureAzure.com","description":"Luxury Global Magazine","potentialAction":[{"@type":"SearchAction","target":{"@type":"EntryPoint","urlTemplate":"https:\/\/www.azureazure.com\/es\/?s={search_term_string}"},"query-input":{"@type":"PropertyValueSpecification","valueRequired":true,"valueName":"search_term_string"}}],"inLanguage":"es"},{"@type":"Person","@id":"https:\/\/www.azureazure.com\/es\/#\/schema\/person\/913ad2f50c843361d7234aa571e030d9","name":"Nicholas Sterling","image":{"@type":"ImageObject","inLanguage":"es","@id":"https:\/\/secure.gravatar.com\/avatar\/5feb9195beaadfea6126a2d17bacb12f222ac18c29957d91022c1e3138ccc47c?s=96&d=mm&r=g","url":"https:\/\/secure.gravatar.com\/avatar\/5feb9195beaadfea6126a2d17bacb12f222ac18c29957d91022c1e3138ccc47c?s=96&d=mm&r=g","contentUrl":"https:\/\/secure.gravatar.com\/avatar\/5feb9195beaadfea6126a2d17bacb12f222ac18c29957d91022c1e3138ccc47c?s=96&d=mm&r=g","caption":"Nicholas Sterling"},"url":"https:\/\/www.azureazure.com\/es\/author\/nicholas-sterling\/"}]}},"_links":{"self":[{"href":"https:\/\/www.azureazure.com\/es\/wp-json\/wp\/v2\/posts\/21380","targetHints":{"allow":["GET"]}}],"collection":[{"href":"https:\/\/www.azureazure.com\/es\/wp-json\/wp\/v2\/posts"}],"about":[{"href":"https:\/\/www.azureazure.com\/es\/wp-json\/wp\/v2\/types\/post"}],"author":[{"embeddable":true,"href":"https:\/\/www.azureazure.com\/es\/wp-json\/wp\/v2\/users\/127"}],"replies":[{"embeddable":true,"href":"https:\/\/www.azureazure.com\/es\/wp-json\/wp\/v2\/comments?post=21380"}],"version-history":[{"count":0,"href":"https:\/\/www.azureazure.com\/es\/wp-json\/wp\/v2\/posts\/21380\/revisions"}],"wp:featuredmedia":[{"embeddable":true,"href":"https:\/\/www.azureazure.com\/es\/wp-json\/wp\/v2\/media\/14484"}],"wp:attachment":[{"href":"https:\/\/www.azureazure.com\/es\/wp-json\/wp\/v2\/media?parent=21380"}],"wp:term":[{"taxonomy":"category","embeddable":true,"href":"https:\/\/www.azureazure.com\/es\/wp-json\/wp\/v2\/categories?post=21380"},{"taxonomy":"post_tag","embeddable":true,"href":"https:\/\/www.azureazure.com\/es\/wp-json\/wp\/v2\/tags?post=21380"}],"curies":[{"name":"wp","href":"https:\/\/api.w.org\/{rel}","templated":true}]}}