{"id":21197,"date":"2016-05-24T00:00:00","date_gmt":"2016-05-24T00:00:00","guid":{"rendered":"https:\/\/www.azureazure.com\/sin-categorizar\/new-york-cafe-de-budapest-y-cafe-imperial-de-praga-para-charlas-con-sabor-a-historia"},"modified":"2019-11-12T08:29:06","modified_gmt":"2019-11-12T13:29:06","slug":"new-york-cafe-y-cafe-imperial-esp","status":"publish","type":"post","link":"https:\/\/www.azureazure.com\/es\/gastronomia\/new-york-cafe-y-cafe-imperial-esp\/","title":{"rendered":"New York Caf\u00e9 de Budapest y Caf\u00e9 Imperial de Praga: Para charlas con sabor a historia"},"content":{"rendered":"<div id=\"Body_MasterContent_element_2608_BodyFieldHolder\">\n<article>\n<p><span style=\"color: rgb(102, 102, 102); line-height: 22px; font-family: georgia; font-size: 15px;\">En Europa perviven <a href=\"\/viajes\/cafes-de-lisboa-el-embrujo-de-portugal\" target=\"_self\" rel=\"noopener noreferrer\">antiguos caf\u00e9s<\/a> que han sido fuente de inspiraci\u00f3n para artistas e intelectuales y punto de encuentro de importantes figuras hist\u00f3ricas.<\/span><\/p>\n<p><span style=\"color: rgb(102, 102, 102); line-height: 22px; font-family: georgia; font-size: 15px;\">El New York Caf\u00e9 de Budapest, Hungr\u00eda, y el <a href=\"http:\/\/www.cafeimperial.cz\/en\/\" target=\"_blank\" rel=\"noopener noreferrer\">Caf\u00e9 Imperial<\/a> de Praga, Rep\u00fablica Checa, son dos importantes sitios situados en pa\u00edses que un d\u00eda formaron parte del Imperio Austro-H\u00fangaro.<\/span><\/p>\n<p><span style=\"color: rgb(102, 102, 102); line-height: 22px; font-family: georgia; font-size: 15px;\">Testigos de \u00e9pocas gloriosas y s\u00edmbolos del esplendor que anta\u00f1o tuvo el Viejo Continente, son lugares m\u00edticos y bohemios, con una arquitectura impactante y un ambiente placentero y buc\u00f3lico, en los que tomar un caf\u00e9 se convierte en una experiencia irrepetible.<\/span><\/p>\n<p><img decoding=\"async\" class=\"img-responsive\" alt=\"\" src=\"\/files\/Images\/Bulletins\/Gastronomy\/new_york_cafe_cafe\/Artboard%2013.jpg\"><br \/>\n<img decoding=\"async\" class=\"img-responsive\" alt=\"\" src=\"\/files\/Images\/Bulletins\/Gastronomy\/new_york_cafe_cafe\/Artboard%2010.jpg\"><\/p>\n<p><span style=\"color: rgb(102, 102, 102); line-height: 22px; font-family: georgia; font-size: 15px;\"><strong>New York Caf\u00e9, de Budapest<\/strong><\/span><\/p>\n<p><span style=\"color: rgb(102, 102, 102); line-height: 22px; font-family: georgia; font-size: 15px;\"><em>Photos por: http:\/\/www.newyorkcafe.hu\/#<\/em><\/span><\/p>\n<p><span style=\"color: rgb(102, 102, 102); line-height: 22px; font-family: georgia; font-size: 15px;\">Desde que se fund\u00f3, a finales de 1894, este caf\u00e9 ha constituido un espacio de reuni\u00f3n de artistas, de miembros de la nobleza y tambi\u00e9n de ciudadanos comunes y corrientes.<\/span><\/p>\n<p><span style=\"color: rgb(102, 102, 102); line-height: 22px; font-family: georgia; font-size: 15px;\">Considerado por muchos como el caf\u00e9 m\u00e1s hermoso del mundo, se encuentra dentro del lujoso <a href=\"http:\/\/budapest.boscolohotels.com\/?gclid=CjwKEAjwpqq6BRC99aKUkaSjuDsSJAC0pNTV4juHXlBwfs-5OAho6qOYTBAG3LlSgvcOCJB-4IXr-hoCPEHw_wcB\" target=\"_blank\" rel=\"noopener noreferrer\">Hotel Boscolo Budapest<\/a>. De \u00e9l se destaca su decoraci\u00f3n ecl\u00e9ctica y pomposa, que evoca el estilo renacentista italiano, con sus frescos realizados a mediados del siglo XIX por <strong>Gusztav Mannheimer<\/strong> y <strong>Ferenc Eisenhut<\/strong>.<\/span><\/p>\n<p><span style=\"color: rgb(102, 102, 102); line-height: 22px; font-family: georgia; font-size: 15px;\">A tal belleza se le unen los impresionantes candelabros venecianos que proporcionan la luz id\u00f3nea para conversar, as\u00ed como las imponentes columnas salom\u00f3nicas en forma helicoidal.<\/span><\/p>\n<p><span style=\"color: rgb(102, 102, 102); line-height: 22px; font-family: georgia; font-size: 15px;\">A principios del siglo XX, este espacio fue frecuentado por intelectuales y editores. De hecho, los peri\u00f3dicos m\u00e1s influyentes de la ciudad fueron editados en la galer\u00eda de la parte superior del caf\u00e9.<\/span><\/p>\n<p><span style=\"color: rgb(102, 102, 102); line-height: 22px; font-family: georgia; font-size: 15px;\">Por otra parte, desde los tiempos de la Belle \u00c9poque, infinidad de actores, pintores y escritores h\u00fangaros participaron all\u00ed de animadas charlas con sus colegas.<\/span><\/p>\n<p><span style=\"color: rgb(102, 102, 102); line-height: 22px; font-family: georgia; font-size: 15px;\">Despu\u00e9s de la Segunda Guerra Mundial, el <strong>New York Caf\u00e9<\/strong> sirvi\u00f3 como tienda de art\u00edculos deportivos, y aunque volvi\u00f3 a abrir sus puertas en 1954 con el nombre de <em>Hung\u00e1ria<\/em>, no fue restaurado sino hasta el 2006, cuando recuper\u00f3 su esplendor actual. Es del todo aconsejable que los m\u00e1s golosos prueben su afamada e insuperable tarta Sacher.<\/span><\/p>\n<p><img decoding=\"async\" class=\"img-responsive\" alt=\"\" src=\"\/files\/Images\/Bulletins\/Gastronomy\/new_york_cafe_cafe\/Artboard%2011.jpg\"><br \/>\n<img decoding=\"async\" class=\"img-responsive\" alt=\"\" src=\"\/files\/Images\/Bulletins\/Gastronomy\/new_york_cafe_cafe\/Artboard%2014.jpg\"><\/p>\n<p><span style=\"color: rgb(102, 102, 102); line-height: 22px; font-family: georgia; font-size: 15px;\"><strong><br \/>\nCaf\u00e9 Imperial, de Praga<\/strong><\/span><\/p>\n<p><span style=\"color: rgb(102, 102, 102); line-height: 22px; font-family: georgia; font-size: 15px;\"><em>Photos por: www.cafeimperial.cz<\/em><\/span><\/p>\n<p><span style=\"color: rgb(102, 102, 102); line-height: 22px; font-family: georgia; font-size: 15px;\">Fundado en 1914, fecha que marca el principio del fin del Imperio Austro-H\u00fangaro, el <strong>Caf\u00e9 Imperial<\/strong> de Praga se encuentra adjunto al <a href=\"http:\/\/www.hotel-imperial.cz\/en\/?sCAB=off&#038;acoffer=B&#038;utm_expid=54161440-5.g44OalIrTPu4hyZ_jp0G9g.2&#038;utm_referrer=https:\/\/www.google.com\/\" target=\"_blank\" rel=\"noopener noreferrer\">Hotel Imperial<\/a>.<\/span><\/p>\n<p><span style=\"color: rgb(102, 102, 102); line-height: 22px; font-family: georgia; font-size: 15px;\">A finales del 2007 este espacio reabri\u00f3 sus puertas tras unas reformas que le hicieron recuperar su refinado estilo Art D\u00e9co, con toques cubistas, as\u00ed como sus mosaicos Art Nouveau, apreciados especialmente en el colorido hall del local, con azulejos en las paredes y un techo adornado con decoraciones florales y figurativas inspiradas en Egipto, propios del gusto de inicios del siglo pasado.<\/span><\/p>\n<p><span style=\"color: rgb(102, 102, 102); line-height: 22px; font-family: georgia; font-size: 15px;\">Desde su apertura, el Caf\u00e9 Imperial ha sido calificado como uno de los m\u00e1s codiciados lugares de la <a href=\"\/viajes\/Praga-guia-para-descubrir-sus-secretos-y-encantos\" target=\"_self\" rel=\"noopener noreferrer\">capital checa<\/a>, adem\u00e1s de ser uno de los sitios de moda de la urbe, pues en sus tertulias se pod\u00edan escuchar voces como las del escritor <strong>Franz Kafka<\/strong> o del compositor <strong>Leos Janacek.<\/strong><\/span><\/p>\n<p><span style=\"color: rgb(102, 102, 102); line-height: 22px; font-family: georgia; font-size: 15px;\">M\u00e1s tarde, este caf\u00e9 fue del gusto de los nazis durante el tiempo que dur\u00f3 la ocupaci\u00f3n alemana, y luego result\u00f3 el sitio escogido por la asociaci\u00f3n de sindicatos checos.<\/span><\/p>\n<p><span style=\"color: rgb(102, 102, 102); line-height: 22px; font-family: georgia; font-size: 15px;\">El Caf\u00e9 Imperial es una visita esencial para aquellos que gustan de la historia y de dulces tan suculentos como la tarta imperial con nata y d\u00e1tiles o el chocolate imperial, con pan de jengibre rallado y nata montada.<\/span><span style=\"color: rgb(0, 174, 239); line-height: 22px; font-family: georgia; font-size: 18px;\"> \u25a0<\/span><\/p>\n<p><span style=\"padding: 0px 0px 6px; width: 100%; color: rgb(0, 174, 239); line-height: 22px; font-family: georgia; font-size: 21px; border-bottom-color: rgb(0, 0, 0); border-bottom-width: 1px; border-bottom-style: dotted; float: left;\"><\/span><\/article>\n","protected":false},"excerpt":{"rendered":"<p>Frecuentados por nobles, intelectuales y artistas desde la \u00e9poca del Imperio Austro-H\u00fangaro, son una parada obligada en su viaje a Hungr\u00eda y Rep\u00fablica Checa.<\/p>\n","protected":false},"author":118,"featured_media":13957,"comment_status":"open","ping_status":"open","sticky":false,"template":"","format":"standard","meta":{"_acf_changed":false,"_exactmetrics_skip_tracking":false,"_exactmetrics_sitenote_active":false,"_exactmetrics_sitenote_note":"","_exactmetrics_sitenote_category":0,"footnotes":""},"categories":[8995,6024],"tags":[],"class_list":["post-21197","post","type-post","status-publish","format-standard","has-post-thumbnail","hentry","category-bares-cafes-y-mas","category-gastronomia","category-8995","category-6024","description-off"],"acf":[],"yoast_head":"<!-- This site is optimized with the Yoast SEO Premium plugin v27.4 (Yoast SEO v27.4) - https:\/\/yoast.com\/product\/yoast-seo-premium-wordpress\/ -->\n<title>New York Caf\u00e9 de Budapest y Caf\u00e9 Imperial de Praga: Para charlas con sabor a historia - AzureAzure.com<\/title>\n<meta name=\"description\" content=\"Frecuentados por nobles, intelectuales y artistas desde la \u00e9poca del Imperio Austro-H\u00fangaro, son una parada obligada en su viaje a Hungr\u00eda y Rep\u00fablica Checa.\" \/>\n<meta name=\"robots\" content=\"index, follow, max-snippet:-1, max-image-preview:large, max-video-preview:-1\" \/>\n<link rel=\"canonical\" href=\"https:\/\/www.azureazure.com\/es\/gastronomia\/new-york-cafe-y-cafe-imperial-esp\/\" \/>\n<meta property=\"og:locale\" content=\"es_ES\" \/>\n<meta property=\"og:type\" content=\"article\" \/>\n<meta property=\"og:title\" content=\"New York Caf\u00e9 de Budapest y Caf\u00e9 Imperial de Praga: Para charlas con sabor a historia\" \/>\n<meta property=\"og:description\" content=\"Frecuentados por nobles, intelectuales y artistas desde la \u00e9poca del Imperio Austro-H\u00fangaro, son una parada obligada en su viaje a Hungr\u00eda y Rep\u00fablica Checa.\" \/>\n<meta property=\"og:url\" content=\"https:\/\/www.azureazure.com\/es\/gastronomia\/new-york-cafe-y-cafe-imperial-esp\/\" \/>\n<meta property=\"og:site_name\" content=\"AzureAzure.com\" \/>\n<meta property=\"article:published_time\" content=\"2016-05-24T00:00:00+00:00\" \/>\n<meta property=\"article:modified_time\" content=\"2019-11-12T13:29:06+00:00\" \/>\n<meta property=\"og:image\" content=\"https:\/\/www.azureazure.com\/wp-content\/uploads\/2019\/06\/Gastronomy-New-York-Cafe-Cafe-Imperial-Featured.jpg\" \/>\n\t<meta property=\"og:image:width\" content=\"380\" \/>\n\t<meta property=\"og:image:height\" content=\"380\" \/>\n\t<meta property=\"og:image:type\" content=\"image\/jpeg\" \/>\n<meta name=\"author\" content=\"Mary Elizabeth Collins\" \/>\n<meta name=\"twitter:card\" content=\"summary_large_image\" \/>\n<meta name=\"twitter:label1\" content=\"Escrito por\" \/>\n\t<meta name=\"twitter:data1\" content=\"Mary Elizabeth Collins\" \/>\n\t<meta name=\"twitter:label2\" content=\"Tiempo de lectura\" \/>\n\t<meta name=\"twitter:data2\" content=\"3 minutos\" \/>\n<script type=\"application\/ld+json\" class=\"yoast-schema-graph\">{\"@context\":\"https:\\\/\\\/schema.org\",\"@graph\":[{\"@type\":\"Article\",\"@id\":\"https:\\\/\\\/www.azureazure.com\\\/es\\\/gastronomia\\\/new-york-cafe-y-cafe-imperial-esp\\\/#article\",\"isPartOf\":{\"@id\":\"https:\\\/\\\/www.azureazure.com\\\/es\\\/gastronomia\\\/new-york-cafe-y-cafe-imperial-esp\\\/\"},\"author\":{\"name\":\"Mary Elizabeth Collins\",\"@id\":\"https:\\\/\\\/www.azureazure.com\\\/es\\\/#\\\/schema\\\/person\\\/9afbe8ca380beb72d64d07456865d794\"},\"headline\":\"New York Caf\u00e9 de Budapest y Caf\u00e9 Imperial de Praga: Para charlas con sabor a historia\",\"datePublished\":\"2016-05-24T00:00:00+00:00\",\"dateModified\":\"2019-11-12T13:29:06+00:00\",\"mainEntityOfPage\":{\"@id\":\"https:\\\/\\\/www.azureazure.com\\\/es\\\/gastronomia\\\/new-york-cafe-y-cafe-imperial-esp\\\/\"},\"wordCount\":587,\"commentCount\":0,\"image\":{\"@id\":\"https:\\\/\\\/www.azureazure.com\\\/es\\\/gastronomia\\\/new-york-cafe-y-cafe-imperial-esp\\\/#primaryimage\"},\"thumbnailUrl\":\"https:\\\/\\\/www.azureazure.com\\\/wp-content\\\/uploads\\\/2019\\\/06\\\/Gastronomy-New-York-Cafe-Cafe-Imperial-Featured.jpg\",\"articleSection\":[\"Bares, caf\u00e9s\",\"Gastronom\u00eda\"],\"inLanguage\":\"es\",\"potentialAction\":[{\"@type\":\"CommentAction\",\"name\":\"Comment\",\"target\":[\"https:\\\/\\\/www.azureazure.com\\\/es\\\/gastronomia\\\/new-york-cafe-y-cafe-imperial-esp\\\/#respond\"]}]},{\"@type\":\"WebPage\",\"@id\":\"https:\\\/\\\/www.azureazure.com\\\/es\\\/gastronomia\\\/new-york-cafe-y-cafe-imperial-esp\\\/\",\"url\":\"https:\\\/\\\/www.azureazure.com\\\/es\\\/gastronomia\\\/new-york-cafe-y-cafe-imperial-esp\\\/\",\"name\":\"New York Caf\u00e9 de Budapest y Caf\u00e9 Imperial de Praga: Para charlas con sabor a historia - AzureAzure.com\",\"isPartOf\":{\"@id\":\"https:\\\/\\\/www.azureazure.com\\\/es\\\/#website\"},\"primaryImageOfPage\":{\"@id\":\"https:\\\/\\\/www.azureazure.com\\\/es\\\/gastronomia\\\/new-york-cafe-y-cafe-imperial-esp\\\/#primaryimage\"},\"image\":{\"@id\":\"https:\\\/\\\/www.azureazure.com\\\/es\\\/gastronomia\\\/new-york-cafe-y-cafe-imperial-esp\\\/#primaryimage\"},\"thumbnailUrl\":\"https:\\\/\\\/www.azureazure.com\\\/wp-content\\\/uploads\\\/2019\\\/06\\\/Gastronomy-New-York-Cafe-Cafe-Imperial-Featured.jpg\",\"datePublished\":\"2016-05-24T00:00:00+00:00\",\"dateModified\":\"2019-11-12T13:29:06+00:00\",\"author\":{\"@id\":\"https:\\\/\\\/www.azureazure.com\\\/es\\\/#\\\/schema\\\/person\\\/9afbe8ca380beb72d64d07456865d794\"},\"description\":\"Frecuentados por nobles, intelectuales y artistas desde la \u00e9poca del Imperio Austro-H\u00fangaro, son una parada obligada en su viaje a Hungr\u00eda y Rep\u00fablica Checa.\",\"breadcrumb\":{\"@id\":\"https:\\\/\\\/www.azureazure.com\\\/es\\\/gastronomia\\\/new-york-cafe-y-cafe-imperial-esp\\\/#breadcrumb\"},\"inLanguage\":\"es\",\"potentialAction\":[{\"@type\":\"ReadAction\",\"target\":[\"https:\\\/\\\/www.azureazure.com\\\/es\\\/gastronomia\\\/new-york-cafe-y-cafe-imperial-esp\\\/\"]}]},{\"@type\":\"ImageObject\",\"inLanguage\":\"es\",\"@id\":\"https:\\\/\\\/www.azureazure.com\\\/es\\\/gastronomia\\\/new-york-cafe-y-cafe-imperial-esp\\\/#primaryimage\",\"url\":\"https:\\\/\\\/www.azureazure.com\\\/wp-content\\\/uploads\\\/2019\\\/06\\\/Gastronomy-New-York-Cafe-Cafe-Imperial-Featured.jpg\",\"contentUrl\":\"https:\\\/\\\/www.azureazure.com\\\/wp-content\\\/uploads\\\/2019\\\/06\\\/Gastronomy-New-York-Cafe-Cafe-Imperial-Featured.jpg\",\"width\":380,\"height\":380},{\"@type\":\"BreadcrumbList\",\"@id\":\"https:\\\/\\\/www.azureazure.com\\\/es\\\/gastronomia\\\/new-york-cafe-y-cafe-imperial-esp\\\/#breadcrumb\",\"itemListElement\":[{\"@type\":\"ListItem\",\"position\":1,\"name\":\"Home\",\"item\":\"https:\\\/\\\/www.azureazure.com\\\/es\\\/\"},{\"@type\":\"ListItem\",\"position\":2,\"name\":\"New York Caf\u00e9 de Budapest y Caf\u00e9 Imperial de Praga: Para charlas con sabor a historia\"}]},{\"@type\":\"WebSite\",\"@id\":\"https:\\\/\\\/www.azureazure.com\\\/es\\\/#website\",\"url\":\"https:\\\/\\\/www.azureazure.com\\\/es\\\/\",\"name\":\"AzureAzure.com\",\"description\":\"Luxury Global Magazine\",\"potentialAction\":[{\"@type\":\"SearchAction\",\"target\":{\"@type\":\"EntryPoint\",\"urlTemplate\":\"https:\\\/\\\/www.azureazure.com\\\/es\\\/?s={search_term_string}\"},\"query-input\":{\"@type\":\"PropertyValueSpecification\",\"valueRequired\":true,\"valueName\":\"search_term_string\"}}],\"inLanguage\":\"es\"},{\"@type\":\"Person\",\"@id\":\"https:\\\/\\\/www.azureazure.com\\\/es\\\/#\\\/schema\\\/person\\\/9afbe8ca380beb72d64d07456865d794\",\"name\":\"Mary Elizabeth Collins\",\"image\":{\"@type\":\"ImageObject\",\"inLanguage\":\"es\",\"@id\":\"https:\\\/\\\/secure.gravatar.com\\\/avatar\\\/e22d2ee88b74e888e891a03a7f93ad24c789480f42ab48a51c14e683db1ae62c?s=96&d=mm&r=g\",\"url\":\"https:\\\/\\\/secure.gravatar.com\\\/avatar\\\/e22d2ee88b74e888e891a03a7f93ad24c789480f42ab48a51c14e683db1ae62c?s=96&d=mm&r=g\",\"contentUrl\":\"https:\\\/\\\/secure.gravatar.com\\\/avatar\\\/e22d2ee88b74e888e891a03a7f93ad24c789480f42ab48a51c14e683db1ae62c?s=96&d=mm&r=g\",\"caption\":\"Mary Elizabeth Collins\"},\"url\":\"https:\\\/\\\/www.azureazure.com\\\/es\\\/author\\\/mary-elizabeth-collins\\\/\"}]}<\/script>\n<!-- \/ Yoast SEO Premium plugin. -->","yoast_head_json":{"title":"New York Caf\u00e9 de Budapest y Caf\u00e9 Imperial de Praga: Para charlas con sabor a historia - AzureAzure.com","description":"Frecuentados por nobles, intelectuales y artistas desde la \u00e9poca del Imperio Austro-H\u00fangaro, son una parada obligada en su viaje a Hungr\u00eda y Rep\u00fablica Checa.","robots":{"index":"index","follow":"follow","max-snippet":"max-snippet:-1","max-image-preview":"max-image-preview:large","max-video-preview":"max-video-preview:-1"},"canonical":"https:\/\/www.azureazure.com\/es\/gastronomia\/new-york-cafe-y-cafe-imperial-esp\/","og_locale":"es_ES","og_type":"article","og_title":"New York Caf\u00e9 de Budapest y Caf\u00e9 Imperial de Praga: Para charlas con sabor a historia","og_description":"Frecuentados por nobles, intelectuales y artistas desde la \u00e9poca del Imperio Austro-H\u00fangaro, son una parada obligada en su viaje a Hungr\u00eda y Rep\u00fablica Checa.","og_url":"https:\/\/www.azureazure.com\/es\/gastronomia\/new-york-cafe-y-cafe-imperial-esp\/","og_site_name":"AzureAzure.com","article_published_time":"2016-05-24T00:00:00+00:00","article_modified_time":"2019-11-12T13:29:06+00:00","og_image":[{"width":380,"height":380,"url":"https:\/\/www.azureazure.com\/wp-content\/uploads\/2019\/06\/Gastronomy-New-York-Cafe-Cafe-Imperial-Featured.jpg","type":"image\/jpeg"}],"author":"Mary Elizabeth Collins","twitter_card":"summary_large_image","twitter_misc":{"Escrito por":"Mary Elizabeth Collins","Tiempo de lectura":"3 minutos"},"schema":{"@context":"https:\/\/schema.org","@graph":[{"@type":"Article","@id":"https:\/\/www.azureazure.com\/es\/gastronomia\/new-york-cafe-y-cafe-imperial-esp\/#article","isPartOf":{"@id":"https:\/\/www.azureazure.com\/es\/gastronomia\/new-york-cafe-y-cafe-imperial-esp\/"},"author":{"name":"Mary Elizabeth Collins","@id":"https:\/\/www.azureazure.com\/es\/#\/schema\/person\/9afbe8ca380beb72d64d07456865d794"},"headline":"New York Caf\u00e9 de Budapest y Caf\u00e9 Imperial de Praga: Para charlas con sabor a historia","datePublished":"2016-05-24T00:00:00+00:00","dateModified":"2019-11-12T13:29:06+00:00","mainEntityOfPage":{"@id":"https:\/\/www.azureazure.com\/es\/gastronomia\/new-york-cafe-y-cafe-imperial-esp\/"},"wordCount":587,"commentCount":0,"image":{"@id":"https:\/\/www.azureazure.com\/es\/gastronomia\/new-york-cafe-y-cafe-imperial-esp\/#primaryimage"},"thumbnailUrl":"https:\/\/www.azureazure.com\/wp-content\/uploads\/2019\/06\/Gastronomy-New-York-Cafe-Cafe-Imperial-Featured.jpg","articleSection":["Bares, caf\u00e9s","Gastronom\u00eda"],"inLanguage":"es","potentialAction":[{"@type":"CommentAction","name":"Comment","target":["https:\/\/www.azureazure.com\/es\/gastronomia\/new-york-cafe-y-cafe-imperial-esp\/#respond"]}]},{"@type":"WebPage","@id":"https:\/\/www.azureazure.com\/es\/gastronomia\/new-york-cafe-y-cafe-imperial-esp\/","url":"https:\/\/www.azureazure.com\/es\/gastronomia\/new-york-cafe-y-cafe-imperial-esp\/","name":"New York Caf\u00e9 de Budapest y Caf\u00e9 Imperial de Praga: Para charlas con sabor a historia - AzureAzure.com","isPartOf":{"@id":"https:\/\/www.azureazure.com\/es\/#website"},"primaryImageOfPage":{"@id":"https:\/\/www.azureazure.com\/es\/gastronomia\/new-york-cafe-y-cafe-imperial-esp\/#primaryimage"},"image":{"@id":"https:\/\/www.azureazure.com\/es\/gastronomia\/new-york-cafe-y-cafe-imperial-esp\/#primaryimage"},"thumbnailUrl":"https:\/\/www.azureazure.com\/wp-content\/uploads\/2019\/06\/Gastronomy-New-York-Cafe-Cafe-Imperial-Featured.jpg","datePublished":"2016-05-24T00:00:00+00:00","dateModified":"2019-11-12T13:29:06+00:00","author":{"@id":"https:\/\/www.azureazure.com\/es\/#\/schema\/person\/9afbe8ca380beb72d64d07456865d794"},"description":"Frecuentados por nobles, intelectuales y artistas desde la \u00e9poca del Imperio Austro-H\u00fangaro, son una parada obligada en su viaje a Hungr\u00eda y Rep\u00fablica Checa.","breadcrumb":{"@id":"https:\/\/www.azureazure.com\/es\/gastronomia\/new-york-cafe-y-cafe-imperial-esp\/#breadcrumb"},"inLanguage":"es","potentialAction":[{"@type":"ReadAction","target":["https:\/\/www.azureazure.com\/es\/gastronomia\/new-york-cafe-y-cafe-imperial-esp\/"]}]},{"@type":"ImageObject","inLanguage":"es","@id":"https:\/\/www.azureazure.com\/es\/gastronomia\/new-york-cafe-y-cafe-imperial-esp\/#primaryimage","url":"https:\/\/www.azureazure.com\/wp-content\/uploads\/2019\/06\/Gastronomy-New-York-Cafe-Cafe-Imperial-Featured.jpg","contentUrl":"https:\/\/www.azureazure.com\/wp-content\/uploads\/2019\/06\/Gastronomy-New-York-Cafe-Cafe-Imperial-Featured.jpg","width":380,"height":380},{"@type":"BreadcrumbList","@id":"https:\/\/www.azureazure.com\/es\/gastronomia\/new-york-cafe-y-cafe-imperial-esp\/#breadcrumb","itemListElement":[{"@type":"ListItem","position":1,"name":"Home","item":"https:\/\/www.azureazure.com\/es\/"},{"@type":"ListItem","position":2,"name":"New York Caf\u00e9 de Budapest y Caf\u00e9 Imperial de Praga: Para charlas con sabor a historia"}]},{"@type":"WebSite","@id":"https:\/\/www.azureazure.com\/es\/#website","url":"https:\/\/www.azureazure.com\/es\/","name":"AzureAzure.com","description":"Luxury Global Magazine","potentialAction":[{"@type":"SearchAction","target":{"@type":"EntryPoint","urlTemplate":"https:\/\/www.azureazure.com\/es\/?s={search_term_string}"},"query-input":{"@type":"PropertyValueSpecification","valueRequired":true,"valueName":"search_term_string"}}],"inLanguage":"es"},{"@type":"Person","@id":"https:\/\/www.azureazure.com\/es\/#\/schema\/person\/9afbe8ca380beb72d64d07456865d794","name":"Mary Elizabeth Collins","image":{"@type":"ImageObject","inLanguage":"es","@id":"https:\/\/secure.gravatar.com\/avatar\/e22d2ee88b74e888e891a03a7f93ad24c789480f42ab48a51c14e683db1ae62c?s=96&d=mm&r=g","url":"https:\/\/secure.gravatar.com\/avatar\/e22d2ee88b74e888e891a03a7f93ad24c789480f42ab48a51c14e683db1ae62c?s=96&d=mm&r=g","contentUrl":"https:\/\/secure.gravatar.com\/avatar\/e22d2ee88b74e888e891a03a7f93ad24c789480f42ab48a51c14e683db1ae62c?s=96&d=mm&r=g","caption":"Mary Elizabeth Collins"},"url":"https:\/\/www.azureazure.com\/es\/author\/mary-elizabeth-collins\/"}]}},"_links":{"self":[{"href":"https:\/\/www.azureazure.com\/es\/wp-json\/wp\/v2\/posts\/21197","targetHints":{"allow":["GET"]}}],"collection":[{"href":"https:\/\/www.azureazure.com\/es\/wp-json\/wp\/v2\/posts"}],"about":[{"href":"https:\/\/www.azureazure.com\/es\/wp-json\/wp\/v2\/types\/post"}],"author":[{"embeddable":true,"href":"https:\/\/www.azureazure.com\/es\/wp-json\/wp\/v2\/users\/118"}],"replies":[{"embeddable":true,"href":"https:\/\/www.azureazure.com\/es\/wp-json\/wp\/v2\/comments?post=21197"}],"version-history":[{"count":0,"href":"https:\/\/www.azureazure.com\/es\/wp-json\/wp\/v2\/posts\/21197\/revisions"}],"wp:featuredmedia":[{"embeddable":true,"href":"https:\/\/www.azureazure.com\/es\/wp-json\/wp\/v2\/media\/13957"}],"wp:attachment":[{"href":"https:\/\/www.azureazure.com\/es\/wp-json\/wp\/v2\/media?parent=21197"}],"wp:term":[{"taxonomy":"category","embeddable":true,"href":"https:\/\/www.azureazure.com\/es\/wp-json\/wp\/v2\/categories?post=21197"},{"taxonomy":"post_tag","embeddable":true,"href":"https:\/\/www.azureazure.com\/es\/wp-json\/wp\/v2\/tags?post=21197"}],"curies":[{"name":"wp","href":"https:\/\/api.w.org\/{rel}","templated":true}]}}