{"id":20901,"date":"2017-05-18T00:00:00","date_gmt":"2017-05-18T00:00:00","guid":{"rendered":"https:\/\/www.azureazure.com\/sin-categorizar\/vik-muniz"},"modified":"2019-11-12T08:56:50","modified_gmt":"2019-11-12T13:56:50","slug":"vik-muniz-mas-aca-de-la-imagen","status":"publish","type":"post","link":"https:\/\/www.azureazure.com\/es\/cultura\/arte\/vik-muniz-mas-aca-de-la-imagen\/","title":{"rendered":"Vik Muniz"},"content":{"rendered":"<div id=\"Body_MasterContent_element_2576_BodyFieldHolder\">\n<article>Si escucharas las siguientes palabras: salsa de tomate, algod\u00f3n, plastilina, alambres, tierra, diamantes, hilos, az\u00facar, papeles, polvo o chocolate, y te pidi\u00e9ramos que las relacionaras con arte, \u00bfqu\u00e9 te sugerir\u00edan?, \u00bfuna receta?, \u00bfuna instalaci\u00f3n? \u00bfacaso una mezcla de ambas? Pues aunque lo parezca, no se trata de ninguna instalaci\u00f3n gastron\u00f3mica, sino que son algunos de los recursos que el artista brasile\u00f1o <strong>Vik Muniz<\/strong> utiliza en sus fotograf\u00edas desde hace veinte a\u00f1os. Estos d\u00edas, y hasta el 28 de octubre, puedes disfrutar de la retrospectiva de su obra m\u00e1s significativa, <em>M\u00e1s ac\u00e1 de la imagen<\/em>, en el Museo de Arte del Banco de la Rep\u00fablica, Bogot\u00e1.La obra de <strong>Muniz<\/strong> nos propone los siguientes interrogantes: \u00bfcu\u00e1l es el punto exacto para pararse frente a un cuadro o una fotograf\u00eda y verla en toda su plenitud? \u00bfqu\u00e9 forma se esconde en lo que vemos? \u00bfQu\u00e9 hay realmente al otro lado de la imagen? Si una buena obra de arte ya en s\u00ed misma invita a la reflexi\u00f3n y te revela algo desconocido, m\u00e1s lo har\u00e1 si juega con la idea de la percepci\u00f3n, se adereza con humor o compromiso social, y adem\u00e1s mezcla materiales y disciplinas. La retrospectiva de <strong>Muniz<\/strong>, que acoge 100 de sus obras, te invita a viajar por lo m\u00e1s representativo de su producci\u00f3n: lo mejor de <em>Life, Equivalencias, Im\u00e1genes de alambre, Ni\u00f1os de az\u00facar, Im\u00e1genes de hilo, Im\u00e1genes de tierra, Im\u00e1genes de chocolate, Despu\u00e9s de Warhol, Im\u00e1genes de earthworks, Im\u00e1genes de nubes, M\u00f3nadas, Jerogl\u00edficos, Im\u00e1genes de diamantes, Im\u00e1genes de caviar, Im\u00e1genes de revistas, Im\u00e1genes de chatarra, Im\u00e1genes de desechos, Im\u00e1genes de pigmentos, Im\u00e1genes de basura, Im\u00e1genes de papel<\/em> y <em>Rompecabezas gordianos<\/em>.<img decoding=\"async\" class=\"img-responsive\" src=\"\/files\/Images\/Bulletins\/Culture\/vik_muniz\/Vik-Muniz01.jpg\" alt=\"Vik Muni\" \/><br \/>\n<span style=\"color: #000000; line-height: 140%; font-family: arial,helvetica,sans serif; font-size: 11px;\"><strong>VIK MUNIZ. <em>El verano en la ciudad, despu\u00e9s de la obra de Edward Hopper<\/em><\/strong><\/span>.Para \u00e9l, cualquiera de estos materiales tiene el potencial de convertirse en arte y transformar la manera en que las personas ven el mundo. Cada trabajo es una sorpresa para el espectador. Con la serie <em>Ni\u00f1os de az\u00facar<\/em>, reprodujo instant\u00e1neas que tom\u00f3 de ni\u00f1os, utilizando az\u00facar. \u201cEn una hoja de papel negro espolvore\u00f3 el az\u00facar cuidadosamente de modo que, poco a poco, se perfilaron los retratos. Los cristales de az\u00facar alud\u00edan al papel esencial que el az\u00facar desempe\u00f1aba en la vida de los ni\u00f1os, pero tambi\u00e9n a las caracter\u00edsticas de la pel\u00edcula fotogr\u00e1fica, que est\u00e1 recubierta de cristales microsc\u00f3picos de nitrato de plata\u201d. En <em>Im\u00e1genes de chocolate<\/em>, us\u00f3 chocolate l\u00edquido. \u201cAlgunos materiales son m\u00e1s dif\u00edciles de manejar que otros\u2026. Para trabajar con chocolate se necesita rapidez, ya que se seca muy pronto y solo puede ser manipulado en el transcurso de una hora\u201d, explica el autor. En <em>Im\u00e1genes de papel<\/em> recrea una serie de iconos de la fotograf\u00eda: <strong>Margaret Bourke-White<\/strong>, <strong>Arnold Newman<\/strong>, <strong>Albert Renger-Patzsch<\/strong>, <strong>Charles Sheeler<\/strong>, <strong>Weegee<\/strong>, <strong>Edward Weston <\/strong>o <strong>Garry Winogrand<\/strong>, realizando verdaderos collages previos, casi artesanales, con peque\u00f1os fragmentos de papeles con todas las gamas de grises. Para los dibujos de la serie <em>Im\u00e1genes de hilos<\/em>, form\u00f3 capas de hilo a medida que lo fue desenrollando. \u201cLos vol\u00famenes de las capas crean la sensaci\u00f3n de distancia: las im\u00e1genes en primer plano se representan mediante la acumulaci\u00f3n de capas gruesas de hilo, en tanto que los elementos distantes aparecen en capas m\u00e1s finas\u201d. Otra de sus series m\u00e1s sorprendentes es <em>Im\u00e1genes de basura<\/em>, retratos de personas que viven y trabajan en el mayor vertedero del mundo, el <em>Jardim Gramacho<\/em> (R\u00edo de Janeiro), y sobreviven reciclando lo que encuentran.<strong>Muniz<\/strong> no es fot\u00f3grafo, ni dibujante, ni pintor, pero es todo a la vez. Funde dibujo con fotograf\u00eda, luz con plastilina, nubes con algod\u00f3n, grafito con alambres; utiliza diversos medios y materiales y, por lo general, altera su uso convencional. Siempre con la fotograf\u00eda como soporte de su obra.<\/p>\n<p><img decoding=\"async\" class=\"img-responsive\" src=\"\/files\/Images\/Bulletins\/Culture\/vik_muniz\/Vik-Muniz02.jpg\" alt=\"Vik Muniz\" \/><br \/>\n<span style=\"color: #000000; line-height: 140%; font-family: arial,helvetica,sans serif; font-size: 11px;\"><strong>VIK MUNIZ<br \/>\n1. <em>Retrato de Monica Viti<\/em><\/strong>.<br \/>\n<strong>2. <em>Marat<\/em><\/strong>.<\/span><\/p>\n<p>En cuanto al uso de las im\u00e1genes, <strong>Muniz <\/strong>retrata personajes de la cultura popular como <strong>Dr\u00e1cula<\/strong>, <strong>Frankenstein<\/strong> o <strong>Elizabeth Taylor<\/strong>, u obras de arte de pintores como <strong>Edward Hopper<\/strong>, <strong>Paul C\u00e9zanne<\/strong>, <strong>Caravaggio<\/strong> o <strong>Warhol<\/strong>, e incluso reproduce im\u00e1genes con una alta connotaci\u00f3n pol\u00edtica. Sin embargo, no pretende apropiarse de nada, sino \u201ccrear un v\u00ednculo con la imagen o el g\u00e9nero conocido que permita al espectador, en el momento en que vuelva a ver la imagen, trazar el camino que conecta las distintas versiones. Como en el juego de encontrar las diferencias\u201d.<\/p>\n<p>Sin duda, acercarse a la obra de <strong>Muniz<\/strong> es adentrarse en una experiencia de preguntas y sensaciones, una provocaci\u00f3n y un juego, un viaje distinto al conocido, en el que <strong>Mu\u00f1iz<\/strong> parece salirse de su obra, mirarte a los ojos y decirte \u201cac\u00e9rcate, ac\u00e9rcate, ven m\u00e1s ac\u00e1 de la imagen\u201d.<span style=\"color: #00aeef; font-family: georgia; font-size: 18px; vertical-align: baseline;\"> \u25a0<\/span><\/p>\n<p>&nbsp;<\/p>\n<\/article>\n<\/div>\n","protected":false},"excerpt":{"rendered":"<p>Una retrospectiva de la obra del artista brasilero Vik Muniz en el Museo de Arte del Banco de la Rep\u00fablica en Bogot\u00e1, Colombia.<\/p>\n","protected":false},"author":12,"featured_media":18333,"comment_status":"open","ping_status":"open","sticky":false,"template":"","format":"standard","meta":{"_acf_changed":false,"_exactmetrics_skip_tracking":false,"_exactmetrics_sitenote_active":false,"_exactmetrics_sitenote_note":"","_exactmetrics_sitenote_category":0,"footnotes":""},"categories":[6199,6015,6195],"tags":[],"class_list":["post-20901","post","type-post","status-publish","format-standard","has-post-thumbnail","hentry","category-arte","category-cultura","category-ferias-exposiciones","category-6199","category-6015","category-6195","description-off"],"acf":[],"yoast_head":"<!-- This site is optimized with the Yoast SEO Premium plugin v27.4 (Yoast SEO v27.4) - https:\/\/yoast.com\/product\/yoast-seo-premium-wordpress\/ -->\n<title>Vik Muniz - AzureAzure.com<\/title>\n<meta name=\"description\" content=\"Una retrospectiva de la obra del artista brasilero Vik Muniz en el Museo de Arte del Banco de la Rep\u00fablica en Bogot\u00e1, Colombia.\" \/>\n<meta name=\"robots\" content=\"index, follow, max-snippet:-1, max-image-preview:large, max-video-preview:-1\" \/>\n<link rel=\"canonical\" href=\"https:\/\/www.azureazure.com\/es\/cultura\/arte\/vik-muniz-mas-aca-de-la-imagen\/\" \/>\n<meta property=\"og:locale\" content=\"es_ES\" \/>\n<meta property=\"og:type\" content=\"article\" \/>\n<meta property=\"og:title\" content=\"Vik Muniz\" \/>\n<meta property=\"og:description\" content=\"Una retrospectiva de la obra del artista brasilero Vik Muniz en el Museo de Arte del Banco de la Rep\u00fablica en Bogot\u00e1, Colombia.\" \/>\n<meta property=\"og:url\" content=\"https:\/\/www.azureazure.com\/es\/cultura\/arte\/vik-muniz-mas-aca-de-la-imagen\/\" \/>\n<meta property=\"og:site_name\" content=\"AzureAzure.com\" \/>\n<meta property=\"article:published_time\" content=\"2017-05-18T00:00:00+00:00\" \/>\n<meta property=\"article:modified_time\" content=\"2019-11-12T13:56:50+00:00\" \/>\n<meta property=\"og:image\" content=\"https:\/\/www.azureazure.com\/wp-content\/uploads\/2019\/06\/Culture-Vik-Muniz-Featured.jpg\" \/>\n\t<meta property=\"og:image:width\" content=\"380\" \/>\n\t<meta property=\"og:image:height\" content=\"380\" \/>\n\t<meta property=\"og:image:type\" content=\"image\/jpeg\" \/>\n<meta name=\"author\" content=\"Ana B. Remos\" \/>\n<meta name=\"twitter:card\" content=\"summary_large_image\" \/>\n<meta name=\"twitter:label1\" content=\"Escrito por\" \/>\n\t<meta name=\"twitter:data1\" content=\"Ana B. Remos\" \/>\n\t<meta name=\"twitter:label2\" content=\"Tiempo de lectura\" \/>\n\t<meta name=\"twitter:data2\" content=\"4 minutos\" \/>\n<script type=\"application\/ld+json\" class=\"yoast-schema-graph\">{\"@context\":\"https:\\\/\\\/schema.org\",\"@graph\":[{\"@type\":\"Article\",\"@id\":\"https:\\\/\\\/www.azureazure.com\\\/es\\\/cultura\\\/arte\\\/vik-muniz-mas-aca-de-la-imagen\\\/#article\",\"isPartOf\":{\"@id\":\"https:\\\/\\\/www.azureazure.com\\\/es\\\/cultura\\\/arte\\\/vik-muniz-mas-aca-de-la-imagen\\\/\"},\"author\":{\"name\":\"Ana B. Remos\",\"@id\":\"https:\\\/\\\/www.azureazure.com\\\/es\\\/#\\\/schema\\\/person\\\/5336af8a44c60bad28bb7521d3892cb2\"},\"headline\":\"Vik Muniz\",\"datePublished\":\"2017-05-18T00:00:00+00:00\",\"dateModified\":\"2019-11-12T13:56:50+00:00\",\"mainEntityOfPage\":{\"@id\":\"https:\\\/\\\/www.azureazure.com\\\/es\\\/cultura\\\/arte\\\/vik-muniz-mas-aca-de-la-imagen\\\/\"},\"wordCount\":855,\"commentCount\":0,\"image\":{\"@id\":\"https:\\\/\\\/www.azureazure.com\\\/es\\\/cultura\\\/arte\\\/vik-muniz-mas-aca-de-la-imagen\\\/#primaryimage\"},\"thumbnailUrl\":\"https:\\\/\\\/www.azureazure.com\\\/wp-content\\\/uploads\\\/2019\\\/06\\\/Culture-Vik-Muniz-Featured.jpg\",\"articleSection\":[\"Arte\",\"Cultura\",\"Ferias, exposiciones\"],\"inLanguage\":\"es\",\"potentialAction\":[{\"@type\":\"CommentAction\",\"name\":\"Comment\",\"target\":[\"https:\\\/\\\/www.azureazure.com\\\/es\\\/cultura\\\/arte\\\/vik-muniz-mas-aca-de-la-imagen\\\/#respond\"]}]},{\"@type\":\"WebPage\",\"@id\":\"https:\\\/\\\/www.azureazure.com\\\/es\\\/cultura\\\/arte\\\/vik-muniz-mas-aca-de-la-imagen\\\/\",\"url\":\"https:\\\/\\\/www.azureazure.com\\\/es\\\/cultura\\\/arte\\\/vik-muniz-mas-aca-de-la-imagen\\\/\",\"name\":\"Vik Muniz - AzureAzure.com\",\"isPartOf\":{\"@id\":\"https:\\\/\\\/www.azureazure.com\\\/es\\\/#website\"},\"primaryImageOfPage\":{\"@id\":\"https:\\\/\\\/www.azureazure.com\\\/es\\\/cultura\\\/arte\\\/vik-muniz-mas-aca-de-la-imagen\\\/#primaryimage\"},\"image\":{\"@id\":\"https:\\\/\\\/www.azureazure.com\\\/es\\\/cultura\\\/arte\\\/vik-muniz-mas-aca-de-la-imagen\\\/#primaryimage\"},\"thumbnailUrl\":\"https:\\\/\\\/www.azureazure.com\\\/wp-content\\\/uploads\\\/2019\\\/06\\\/Culture-Vik-Muniz-Featured.jpg\",\"datePublished\":\"2017-05-18T00:00:00+00:00\",\"dateModified\":\"2019-11-12T13:56:50+00:00\",\"author\":{\"@id\":\"https:\\\/\\\/www.azureazure.com\\\/es\\\/#\\\/schema\\\/person\\\/5336af8a44c60bad28bb7521d3892cb2\"},\"description\":\"Una retrospectiva de la obra del artista brasilero Vik Muniz en el Museo de Arte del Banco de la Rep\u00fablica en Bogot\u00e1, Colombia.\",\"breadcrumb\":{\"@id\":\"https:\\\/\\\/www.azureazure.com\\\/es\\\/cultura\\\/arte\\\/vik-muniz-mas-aca-de-la-imagen\\\/#breadcrumb\"},\"inLanguage\":\"es\",\"potentialAction\":[{\"@type\":\"ReadAction\",\"target\":[\"https:\\\/\\\/www.azureazure.com\\\/es\\\/cultura\\\/arte\\\/vik-muniz-mas-aca-de-la-imagen\\\/\"]}]},{\"@type\":\"ImageObject\",\"inLanguage\":\"es\",\"@id\":\"https:\\\/\\\/www.azureazure.com\\\/es\\\/cultura\\\/arte\\\/vik-muniz-mas-aca-de-la-imagen\\\/#primaryimage\",\"url\":\"https:\\\/\\\/www.azureazure.com\\\/wp-content\\\/uploads\\\/2019\\\/06\\\/Culture-Vik-Muniz-Featured.jpg\",\"contentUrl\":\"https:\\\/\\\/www.azureazure.com\\\/wp-content\\\/uploads\\\/2019\\\/06\\\/Culture-Vik-Muniz-Featured.jpg\",\"width\":380,\"height\":380},{\"@type\":\"BreadcrumbList\",\"@id\":\"https:\\\/\\\/www.azureazure.com\\\/es\\\/cultura\\\/arte\\\/vik-muniz-mas-aca-de-la-imagen\\\/#breadcrumb\",\"itemListElement\":[{\"@type\":\"ListItem\",\"position\":1,\"name\":\"Home\",\"item\":\"https:\\\/\\\/www.azureazure.com\\\/es\\\/\"},{\"@type\":\"ListItem\",\"position\":2,\"name\":\"Vik Muniz\"}]},{\"@type\":\"WebSite\",\"@id\":\"https:\\\/\\\/www.azureazure.com\\\/es\\\/#website\",\"url\":\"https:\\\/\\\/www.azureazure.com\\\/es\\\/\",\"name\":\"AzureAzure.com\",\"description\":\"Luxury Global Magazine\",\"potentialAction\":[{\"@type\":\"SearchAction\",\"target\":{\"@type\":\"EntryPoint\",\"urlTemplate\":\"https:\\\/\\\/www.azureazure.com\\\/es\\\/?s={search_term_string}\"},\"query-input\":{\"@type\":\"PropertyValueSpecification\",\"valueRequired\":true,\"valueName\":\"search_term_string\"}}],\"inLanguage\":\"es\"},{\"@type\":\"Person\",\"@id\":\"https:\\\/\\\/www.azureazure.com\\\/es\\\/#\\\/schema\\\/person\\\/5336af8a44c60bad28bb7521d3892cb2\",\"name\":\"Ana B. Remos\",\"image\":{\"@type\":\"ImageObject\",\"inLanguage\":\"es\",\"@id\":\"https:\\\/\\\/secure.gravatar.com\\\/avatar\\\/6763052c3e05e2d25fdb4eca7555e53289ace44dcc47bca774390e6b09e011e6?s=96&d=mm&r=g\",\"url\":\"https:\\\/\\\/secure.gravatar.com\\\/avatar\\\/6763052c3e05e2d25fdb4eca7555e53289ace44dcc47bca774390e6b09e011e6?s=96&d=mm&r=g\",\"contentUrl\":\"https:\\\/\\\/secure.gravatar.com\\\/avatar\\\/6763052c3e05e2d25fdb4eca7555e53289ace44dcc47bca774390e6b09e011e6?s=96&d=mm&r=g\",\"caption\":\"Ana B. Remos\"},\"url\":\"https:\\\/\\\/www.azureazure.com\\\/es\\\/author\\\/ana-remos\\\/\"}]}<\/script>\n<!-- \/ Yoast SEO Premium plugin. -->","yoast_head_json":{"title":"Vik Muniz - AzureAzure.com","description":"Una retrospectiva de la obra del artista brasilero Vik Muniz en el Museo de Arte del Banco de la Rep\u00fablica en Bogot\u00e1, Colombia.","robots":{"index":"index","follow":"follow","max-snippet":"max-snippet:-1","max-image-preview":"max-image-preview:large","max-video-preview":"max-video-preview:-1"},"canonical":"https:\/\/www.azureazure.com\/es\/cultura\/arte\/vik-muniz-mas-aca-de-la-imagen\/","og_locale":"es_ES","og_type":"article","og_title":"Vik Muniz","og_description":"Una retrospectiva de la obra del artista brasilero Vik Muniz en el Museo de Arte del Banco de la Rep\u00fablica en Bogot\u00e1, Colombia.","og_url":"https:\/\/www.azureazure.com\/es\/cultura\/arte\/vik-muniz-mas-aca-de-la-imagen\/","og_site_name":"AzureAzure.com","article_published_time":"2017-05-18T00:00:00+00:00","article_modified_time":"2019-11-12T13:56:50+00:00","og_image":[{"width":380,"height":380,"url":"https:\/\/www.azureazure.com\/wp-content\/uploads\/2019\/06\/Culture-Vik-Muniz-Featured.jpg","type":"image\/jpeg"}],"author":"Ana B. Remos","twitter_card":"summary_large_image","twitter_misc":{"Escrito por":"Ana B. Remos","Tiempo de lectura":"4 minutos"},"schema":{"@context":"https:\/\/schema.org","@graph":[{"@type":"Article","@id":"https:\/\/www.azureazure.com\/es\/cultura\/arte\/vik-muniz-mas-aca-de-la-imagen\/#article","isPartOf":{"@id":"https:\/\/www.azureazure.com\/es\/cultura\/arte\/vik-muniz-mas-aca-de-la-imagen\/"},"author":{"name":"Ana B. Remos","@id":"https:\/\/www.azureazure.com\/es\/#\/schema\/person\/5336af8a44c60bad28bb7521d3892cb2"},"headline":"Vik Muniz","datePublished":"2017-05-18T00:00:00+00:00","dateModified":"2019-11-12T13:56:50+00:00","mainEntityOfPage":{"@id":"https:\/\/www.azureazure.com\/es\/cultura\/arte\/vik-muniz-mas-aca-de-la-imagen\/"},"wordCount":855,"commentCount":0,"image":{"@id":"https:\/\/www.azureazure.com\/es\/cultura\/arte\/vik-muniz-mas-aca-de-la-imagen\/#primaryimage"},"thumbnailUrl":"https:\/\/www.azureazure.com\/wp-content\/uploads\/2019\/06\/Culture-Vik-Muniz-Featured.jpg","articleSection":["Arte","Cultura","Ferias, exposiciones"],"inLanguage":"es","potentialAction":[{"@type":"CommentAction","name":"Comment","target":["https:\/\/www.azureazure.com\/es\/cultura\/arte\/vik-muniz-mas-aca-de-la-imagen\/#respond"]}]},{"@type":"WebPage","@id":"https:\/\/www.azureazure.com\/es\/cultura\/arte\/vik-muniz-mas-aca-de-la-imagen\/","url":"https:\/\/www.azureazure.com\/es\/cultura\/arte\/vik-muniz-mas-aca-de-la-imagen\/","name":"Vik Muniz - AzureAzure.com","isPartOf":{"@id":"https:\/\/www.azureazure.com\/es\/#website"},"primaryImageOfPage":{"@id":"https:\/\/www.azureazure.com\/es\/cultura\/arte\/vik-muniz-mas-aca-de-la-imagen\/#primaryimage"},"image":{"@id":"https:\/\/www.azureazure.com\/es\/cultura\/arte\/vik-muniz-mas-aca-de-la-imagen\/#primaryimage"},"thumbnailUrl":"https:\/\/www.azureazure.com\/wp-content\/uploads\/2019\/06\/Culture-Vik-Muniz-Featured.jpg","datePublished":"2017-05-18T00:00:00+00:00","dateModified":"2019-11-12T13:56:50+00:00","author":{"@id":"https:\/\/www.azureazure.com\/es\/#\/schema\/person\/5336af8a44c60bad28bb7521d3892cb2"},"description":"Una retrospectiva de la obra del artista brasilero Vik Muniz en el Museo de Arte del Banco de la Rep\u00fablica en Bogot\u00e1, Colombia.","breadcrumb":{"@id":"https:\/\/www.azureazure.com\/es\/cultura\/arte\/vik-muniz-mas-aca-de-la-imagen\/#breadcrumb"},"inLanguage":"es","potentialAction":[{"@type":"ReadAction","target":["https:\/\/www.azureazure.com\/es\/cultura\/arte\/vik-muniz-mas-aca-de-la-imagen\/"]}]},{"@type":"ImageObject","inLanguage":"es","@id":"https:\/\/www.azureazure.com\/es\/cultura\/arte\/vik-muniz-mas-aca-de-la-imagen\/#primaryimage","url":"https:\/\/www.azureazure.com\/wp-content\/uploads\/2019\/06\/Culture-Vik-Muniz-Featured.jpg","contentUrl":"https:\/\/www.azureazure.com\/wp-content\/uploads\/2019\/06\/Culture-Vik-Muniz-Featured.jpg","width":380,"height":380},{"@type":"BreadcrumbList","@id":"https:\/\/www.azureazure.com\/es\/cultura\/arte\/vik-muniz-mas-aca-de-la-imagen\/#breadcrumb","itemListElement":[{"@type":"ListItem","position":1,"name":"Home","item":"https:\/\/www.azureazure.com\/es\/"},{"@type":"ListItem","position":2,"name":"Vik Muniz"}]},{"@type":"WebSite","@id":"https:\/\/www.azureazure.com\/es\/#website","url":"https:\/\/www.azureazure.com\/es\/","name":"AzureAzure.com","description":"Luxury Global Magazine","potentialAction":[{"@type":"SearchAction","target":{"@type":"EntryPoint","urlTemplate":"https:\/\/www.azureazure.com\/es\/?s={search_term_string}"},"query-input":{"@type":"PropertyValueSpecification","valueRequired":true,"valueName":"search_term_string"}}],"inLanguage":"es"},{"@type":"Person","@id":"https:\/\/www.azureazure.com\/es\/#\/schema\/person\/5336af8a44c60bad28bb7521d3892cb2","name":"Ana B. Remos","image":{"@type":"ImageObject","inLanguage":"es","@id":"https:\/\/secure.gravatar.com\/avatar\/6763052c3e05e2d25fdb4eca7555e53289ace44dcc47bca774390e6b09e011e6?s=96&d=mm&r=g","url":"https:\/\/secure.gravatar.com\/avatar\/6763052c3e05e2d25fdb4eca7555e53289ace44dcc47bca774390e6b09e011e6?s=96&d=mm&r=g","contentUrl":"https:\/\/secure.gravatar.com\/avatar\/6763052c3e05e2d25fdb4eca7555e53289ace44dcc47bca774390e6b09e011e6?s=96&d=mm&r=g","caption":"Ana B. Remos"},"url":"https:\/\/www.azureazure.com\/es\/author\/ana-remos\/"}]}},"_links":{"self":[{"href":"https:\/\/www.azureazure.com\/es\/wp-json\/wp\/v2\/posts\/20901","targetHints":{"allow":["GET"]}}],"collection":[{"href":"https:\/\/www.azureazure.com\/es\/wp-json\/wp\/v2\/posts"}],"about":[{"href":"https:\/\/www.azureazure.com\/es\/wp-json\/wp\/v2\/types\/post"}],"author":[{"embeddable":true,"href":"https:\/\/www.azureazure.com\/es\/wp-json\/wp\/v2\/users\/12"}],"replies":[{"embeddable":true,"href":"https:\/\/www.azureazure.com\/es\/wp-json\/wp\/v2\/comments?post=20901"}],"version-history":[{"count":0,"href":"https:\/\/www.azureazure.com\/es\/wp-json\/wp\/v2\/posts\/20901\/revisions"}],"wp:featuredmedia":[{"embeddable":true,"href":"https:\/\/www.azureazure.com\/es\/wp-json\/wp\/v2\/media\/18333"}],"wp:attachment":[{"href":"https:\/\/www.azureazure.com\/es\/wp-json\/wp\/v2\/media?parent=20901"}],"wp:term":[{"taxonomy":"category","embeddable":true,"href":"https:\/\/www.azureazure.com\/es\/wp-json\/wp\/v2\/categories?post=20901"},{"taxonomy":"post_tag","embeddable":true,"href":"https:\/\/www.azureazure.com\/es\/wp-json\/wp\/v2\/tags?post=20901"}],"curies":[{"name":"wp","href":"https:\/\/api.w.org\/{rel}","templated":true}]}}