{"id":19638,"date":"2019-03-01T00:00:00","date_gmt":"2019-03-01T05:00:00","guid":{"rendered":"https:\/\/www.azureazure.com\/sin-categorizar\/la-national-audubon-society-celebra-su-gala-audobon-2019-a-beneficio-de-la-proteccion-ambiental"},"modified":"2019-11-25T14:59:00","modified_gmt":"2019-11-25T19:59:00","slug":"la-national-audubon-society-celebra-su-gala-audobon-2019-a-beneficio-de-la-conservacion-ambiental","status":"publish","type":"post","link":"https:\/\/www.azureazure.com\/es\/eventos-sociales\/la-national-audubon-society-celebra-su-gala-audobon-2019-a-beneficio-de-la-conservacion-ambiental\/","title":{"rendered":"La National Audubon Society celebra su gala Audubon 2019 por el medioambiente"},"content":{"rendered":"<div id=\"attachment_59736\" style=\"width: 760px\" class=\"wp-caption aligncenter\"><img loading=\"lazy\" decoding=\"async\" aria-describedby=\"caption-attachment-59736\" class=\"wp-image-51682\" title=\"aw 79338 Lili Taylor David Yarnold John Anderson Johnny Morris\" src=\"https:\/\/www.azureazure.com\/wp-content\/uploads\/2019\/09\/aw_79338_Lili-Taylor-David-Yarnold-John-Anderson-Johnny-Morris.jpg\" alt=\"aw 79338 Lili Taylor David Yarnold John Anderson Johnny Morris\" width=\"750\" height=\"560\" srcset=\"https:\/\/www.azureazure.com\/wp-content\/uploads\/2019\/09\/aw_79338_Lili-Taylor-David-Yarnold-John-Anderson-Johnny-Morris.jpg 4000w, https:\/\/www.azureazure.com\/wp-content\/uploads\/2019\/09\/aw_79338_Lili-Taylor-David-Yarnold-John-Anderson-Johnny-Morris-300x224.jpg 300w, https:\/\/www.azureazure.com\/wp-content\/uploads\/2019\/09\/aw_79338_Lili-Taylor-David-Yarnold-John-Anderson-Johnny-Morris-768x573.jpg 768w, https:\/\/www.azureazure.com\/wp-content\/uploads\/2019\/09\/aw_79338_Lili-Taylor-David-Yarnold-John-Anderson-Johnny-Morris-1024x764.jpg 1024w\" sizes=\"auto, (max-width: 750px) 100vw, 750px\" \/><p id=\"caption-attachment-59736\" class=\"wp-caption-text\"><strong>Lili Taylor, David Yarnold, John Anderson, Johnny Morris.<\/strong> Foto de Annie Watt.<\/p><\/div>\n<div id=\"attachment_59739\" style=\"width: 760px\" class=\"wp-caption aligncenter\"><img loading=\"lazy\" decoding=\"async\" aria-describedby=\"caption-attachment-59739\" class=\"wp-image-51684\" title=\"aw 79366 Carlotta Kohl\" src=\"https:\/\/www.azureazure.com\/wp-content\/uploads\/2019\/09\/aw_79366_Carlotta-Kohl.jpg\" alt=\"aw 79366 Carlotta Kohl\" width=\"750\" height=\"567\" srcset=\"https:\/\/www.azureazure.com\/wp-content\/uploads\/2019\/09\/aw_79366_Carlotta-Kohl.jpg 4000w, https:\/\/www.azureazure.com\/wp-content\/uploads\/2019\/09\/aw_79366_Carlotta-Kohl-300x227.jpg 300w, https:\/\/www.azureazure.com\/wp-content\/uploads\/2019\/09\/aw_79366_Carlotta-Kohl-768x580.jpg 768w, https:\/\/www.azureazure.com\/wp-content\/uploads\/2019\/09\/aw_79366_Carlotta-Kohl-1024x774.jpg 1024w\" sizes=\"auto, (max-width: 750px) 100vw, 750px\" \/><p id=\"caption-attachment-59739\" class=\"wp-caption-text\"><strong>Carlotta Kohl.\u00a0<\/strong>Foto de Annie Watt.<\/p><\/div>\n<div id=\"attachment_59729\" style=\"width: 760px\" class=\"wp-caption aligncenter\"><img loading=\"lazy\" decoding=\"async\" aria-describedby=\"caption-attachment-59729\" class=\"wp-image-51973\" title=\"anniewatt 79314 David Moore Kathleen Moore Jane Alexander\" src=\"https:\/\/www.azureazure.com\/wp-content\/uploads\/2019\/09\/anniewatt_79314-David-Moore-Kathleen-Moore-Jane-Alexander.jpg\" alt=\"anniewatt 79314 David Moore Kathleen Moore Jane Alexander\" width=\"750\" height=\"647\" srcset=\"https:\/\/www.azureazure.com\/wp-content\/uploads\/2019\/09\/anniewatt_79314-David-Moore-Kathleen-Moore-Jane-Alexander.jpg 800w, https:\/\/www.azureazure.com\/wp-content\/uploads\/2019\/09\/anniewatt_79314-David-Moore-Kathleen-Moore-Jane-Alexander-300x259.jpg 300w, https:\/\/www.azureazure.com\/wp-content\/uploads\/2019\/09\/anniewatt_79314-David-Moore-Kathleen-Moore-Jane-Alexander-768x662.jpg 768w\" sizes=\"auto, (max-width: 750px) 100vw, 750px\" \/><p id=\"caption-attachment-59729\" class=\"wp-caption-text\"><strong>David Moore, Kathleen Moore, Jane Alexander.\u00a0<\/strong>Foto de Annie Watt.<\/p><\/div>\n<div id=\"attachment_59737\" style=\"width: 760px\" class=\"wp-caption aligncenter\"><img loading=\"lazy\" decoding=\"async\" aria-describedby=\"caption-attachment-59737\" class=\"wp-image-51686\" title=\"aw 79353 Sasha DiGiulian\" src=\"https:\/\/www.azureazure.com\/wp-content\/uploads\/2019\/09\/aw_79353_Sasha-DiGiulian.jpg\" alt=\"aw 79353 Sasha DiGiulian\" width=\"750\" height=\"627\" srcset=\"https:\/\/www.azureazure.com\/wp-content\/uploads\/2019\/09\/aw_79353_Sasha-DiGiulian.jpg 4000w, https:\/\/www.azureazure.com\/wp-content\/uploads\/2019\/09\/aw_79353_Sasha-DiGiulian-300x251.jpg 300w, https:\/\/www.azureazure.com\/wp-content\/uploads\/2019\/09\/aw_79353_Sasha-DiGiulian-768x642.jpg 768w, https:\/\/www.azureazure.com\/wp-content\/uploads\/2019\/09\/aw_79353_Sasha-DiGiulian-1024x856.jpg 1024w\" sizes=\"auto, (max-width: 750px) 100vw, 750px\" \/><p id=\"caption-attachment-59737\" class=\"wp-caption-text\"><strong>Sasha DiGiulian<\/strong>\u00a0Fotos de Annie Watt.<\/p><\/div>\n<div id=\"attachment_59735\" style=\"width: 610px\" class=\"wp-caption aligncenter\"><img loading=\"lazy\" decoding=\"async\" aria-describedby=\"caption-attachment-59735\" class=\"wp-image-51688\" title=\"aw 79323 Adrienne Lufkin Dan Lufkin\" src=\"https:\/\/www.azureazure.com\/wp-content\/uploads\/2019\/09\/aw_79323_Adrienne-Lufkin-Dan-Lufkin.jpg\" alt=\"aw 79323 Adrienne Lufkin Dan Lufkin\" width=\"600\" height=\"750\" srcset=\"https:\/\/www.azureazure.com\/wp-content\/uploads\/2019\/09\/aw_79323_Adrienne-Lufkin-Dan-Lufkin.jpg 3200w, https:\/\/www.azureazure.com\/wp-content\/uploads\/2019\/09\/aw_79323_Adrienne-Lufkin-Dan-Lufkin-240x300.jpg 240w, https:\/\/www.azureazure.com\/wp-content\/uploads\/2019\/09\/aw_79323_Adrienne-Lufkin-Dan-Lufkin-768x960.jpg 768w, https:\/\/www.azureazure.com\/wp-content\/uploads\/2019\/09\/aw_79323_Adrienne-Lufkin-Dan-Lufkin-819x1024.jpg 819w\" sizes=\"auto, (max-width: 600px) 100vw, 600px\" \/><p id=\"caption-attachment-59735\" class=\"wp-caption-text\"><strong>Adrienne Lufkin, Dan Lufkin<\/strong>\u00a0Foto de Annie Watt.<\/p><\/div>\n<div id=\"attachment_59731\" style=\"width: 760px\" class=\"wp-caption aligncenter\"><img loading=\"lazy\" decoding=\"async\" aria-describedby=\"caption-attachment-59731\" class=\"wp-image-51690\" title=\"anniewatt 79320 Josh Braun Jennifer Snyder\" src=\"https:\/\/www.azureazure.com\/wp-content\/uploads\/2019\/09\/anniewatt_79320-Josh-Braun-Jennifer-Snyder.jpg\" alt=\"anniewatt 79320 Josh Braun Jennifer Snyder\" width=\"750\" height=\"653\" srcset=\"https:\/\/www.azureazure.com\/wp-content\/uploads\/2019\/09\/anniewatt_79320-Josh-Braun-Jennifer-Snyder.jpg 800w, https:\/\/www.azureazure.com\/wp-content\/uploads\/2019\/09\/anniewatt_79320-Josh-Braun-Jennifer-Snyder-300x261.jpg 300w, https:\/\/www.azureazure.com\/wp-content\/uploads\/2019\/09\/anniewatt_79320-Josh-Braun-Jennifer-Snyder-768x668.jpg 768w\" sizes=\"auto, (max-width: 750px) 100vw, 750px\" \/><p id=\"caption-attachment-59731\" class=\"wp-caption-text\"><strong>Josh Braun, Jennifer Snyder.<\/strong>\u00a0Foto de Annie Watt<strong>.<\/strong><\/p><\/div>\n<div id=\"attachment_59738\" style=\"width: 760px\" class=\"wp-caption aligncenter\"><img loading=\"lazy\" decoding=\"async\" aria-describedby=\"caption-attachment-59738\" class=\"wp-image-51692\" title=\"aw 79360 David Ringer Marshall Johnson\" src=\"https:\/\/www.azureazure.com\/wp-content\/uploads\/2019\/09\/aw_79360_David-Ringer-Marshall-Johnson.jpg\" alt=\"aw 79360 David Ringer Marshall Johnson\" width=\"750\" height=\"938\" srcset=\"https:\/\/www.azureazure.com\/wp-content\/uploads\/2019\/09\/aw_79360_David-Ringer-Marshall-Johnson.jpg 3200w, https:\/\/www.azureazure.com\/wp-content\/uploads\/2019\/09\/aw_79360_David-Ringer-Marshall-Johnson-240x300.jpg 240w, https:\/\/www.azureazure.com\/wp-content\/uploads\/2019\/09\/aw_79360_David-Ringer-Marshall-Johnson-768x960.jpg 768w, https:\/\/www.azureazure.com\/wp-content\/uploads\/2019\/09\/aw_79360_David-Ringer-Marshall-Johnson-819x1024.jpg 819w\" sizes=\"auto, (max-width: 750px) 100vw, 750px\" \/><p id=\"caption-attachment-59738\" class=\"wp-caption-text\"><strong>David Ringer, Marshall Johnson.<\/strong>\u00a0Foto de Annie Watt.<\/p><\/div>\n<div id=\"attachment_59733\" style=\"width: 760px\" class=\"wp-caption aligncenter\"><img loading=\"lazy\" decoding=\"async\" aria-describedby=\"caption-attachment-59733\" class=\"wp-image-51694\" title=\"anniewatt 79370 Connan Ashforth Claire Ashforth Katie OBrien\" src=\"https:\/\/www.azureazure.com\/wp-content\/uploads\/2019\/09\/anniewatt_79370-Connan-Ashforth-Claire-Ashforth-Katie-OBrien.jpg\" alt=\"anniewatt 79370 Connan Ashforth Claire Ashforth Katie OBrien\" width=\"750\" height=\"654\" srcset=\"https:\/\/www.azureazure.com\/wp-content\/uploads\/2019\/09\/anniewatt_79370-Connan-Ashforth-Claire-Ashforth-Katie-OBrien.jpg 800w, https:\/\/www.azureazure.com\/wp-content\/uploads\/2019\/09\/anniewatt_79370-Connan-Ashforth-Claire-Ashforth-Katie-OBrien-300x262.jpg 300w, https:\/\/www.azureazure.com\/wp-content\/uploads\/2019\/09\/anniewatt_79370-Connan-Ashforth-Claire-Ashforth-Katie-OBrien-768x670.jpg 768w\" sizes=\"auto, (max-width: 750px) 100vw, 750px\" \/><p id=\"caption-attachment-59733\" class=\"wp-caption-text\"><strong>Connan Ashforth ,Claire Ashforth, Katie OBrien<\/strong>.\u00a0Foto de Annie Watt.<\/p><\/div>\n<div id=\"attachment_59730\" style=\"width: 510px\" class=\"wp-caption aligncenter\"><img loading=\"lazy\" decoding=\"async\" aria-describedby=\"caption-attachment-59730\" class=\"wp-image-51696\" title=\"anniewatt 79316 Tiffany Hagge Melissa Thomas Robert Conrad Chris Conrad\" src=\"https:\/\/www.azureazure.com\/wp-content\/uploads\/2019\/09\/anniewatt_79316-Tiffany-Hagge-Melissa-Thomas-Robert-Conrad-Chris-Conrad.jpg\" alt=\"anniewatt 79316 Tiffany Hagge Melissa Thomas Robert Conrad Chris Conrad\" width=\"500\" height=\"750\" srcset=\"https:\/\/www.azureazure.com\/wp-content\/uploads\/2019\/09\/anniewatt_79316-Tiffany-Hagge-Melissa-Thomas-Robert-Conrad-Chris-Conrad.jpg 533w, https:\/\/www.azureazure.com\/wp-content\/uploads\/2019\/09\/anniewatt_79316-Tiffany-Hagge-Melissa-Thomas-Robert-Conrad-Chris-Conrad-200x300.jpg 200w\" sizes=\"auto, (max-width: 500px) 100vw, 500px\" \/><p id=\"caption-attachment-59730\" class=\"wp-caption-text\"><strong>Tiffany Hagge, Melissa Thomas, Robert Conrad, Chris Conrad.<\/strong>\u00a0Foto de Annie Watt.<\/p><\/div>\n<div id=\"attachment_59734\" style=\"width: 549px\" class=\"wp-caption aligncenter\"><img loading=\"lazy\" decoding=\"async\" aria-describedby=\"caption-attachment-59734\" class=\"wp-image-51698\" title=\"anniewatt 79372 Paul Butner Nazreen Sumra\" src=\"https:\/\/www.azureazure.com\/wp-content\/uploads\/2019\/09\/anniewatt_79372-Paul-Butner-Nazreen-Sumra.jpg\" alt=\"anniewatt 79372 Paul Butner Nazreen Sumra\" width=\"539\" height=\"750\" srcset=\"https:\/\/www.azureazure.com\/wp-content\/uploads\/2019\/09\/anniewatt_79372-Paul-Butner-Nazreen-Sumra.jpg 575w, https:\/\/www.azureazure.com\/wp-content\/uploads\/2019\/09\/anniewatt_79372-Paul-Butner-Nazreen-Sumra-216x300.jpg 216w\" sizes=\"auto, (max-width: 539px) 100vw, 539px\" \/><p id=\"caption-attachment-59734\" class=\"wp-caption-text\"><strong>Paul Butner, Nazreen Sumra\u00a0<\/strong>Foto de Annie Watt.<\/p><\/div>\n<div id=\"attachment_59728\" style=\"width: 760px\" class=\"wp-caption aligncenter\"><img loading=\"lazy\" decoding=\"async\" aria-describedby=\"caption-attachment-59728\" class=\"wp-image-51700\" title=\"anniewatt 79313 Dan Hoy Diane Hoy\" src=\"https:\/\/www.azureazure.com\/wp-content\/uploads\/2019\/09\/anniewatt_79313-Dan-Hoy-Diane-Hoy.jpg\" alt=\"National Audubon Society\" width=\"750\" height=\"690\" srcset=\"https:\/\/www.azureazure.com\/wp-content\/uploads\/2019\/09\/anniewatt_79313-Dan-Hoy-Diane-Hoy.jpg 800w, https:\/\/www.azureazure.com\/wp-content\/uploads\/2019\/09\/anniewatt_79313-Dan-Hoy-Diane-Hoy-300x276.jpg 300w, https:\/\/www.azureazure.com\/wp-content\/uploads\/2019\/09\/anniewatt_79313-Dan-Hoy-Diane-Hoy-768x707.jpg 768w\" sizes=\"auto, (max-width: 750px) 100vw, 750px\" \/><p id=\"caption-attachment-59728\" class=\"wp-caption-text\"><strong>Dan Hoy, Diane Hoy.<\/strong> Foto de Annie Watt.<\/p><\/div>\n","protected":false},"excerpt":{"rendered":"<p>El 7 de febrero de 2019 la National Audubon Society organiz\u00f3 en el hotel Plaza de Manhattan, Nueva York, su gala anual Audubon 2019. La fiesta, a la que asistieron numerosas personalidades, tuvo como fin recaudar fondos a beneficio de la campa\u00f1a de protecci\u00f3n ambiental y honrar al mismo tiempo a todas aquellas personas cuyo ejemplo sirve de inspiraci\u00f3n a la nueva generaci\u00f3n de l\u00edderes ambientalistas que est\u00e1n tomando el relevo. La velada logr\u00f3 recaudar US$2,5 millones que se destinar\u00e1n a financiar las iniciativas ambientalistas en todo el pais. El evento fue presentado por Lili Taylor, actriz y miembro de la Junta Directiva de la de National Audubon Society, y cont\u00f3 con una presentaci\u00f3n musical del antante de m\u00fasica country John Anderson. Durante la gala, se honr\u00f3 merecidamente a dos ambientalistas por su ejemplar compromiso y dedicaci\u00f3n a la causa: Johnny Morris , fundador y CEO de Bass Pro Shops, y J. Drew Lanham, doctor y profesor de ecolog\u00eda silvestre, maestro y bi\u00f3logo por la Universidad de Clemson. La Medalla Audubon se present\u00f3 a Johnny Morris y a su familia, quienes han trabajado con administraciones presidenciales durante d\u00e9cadas para solucionar diversos problemas ambientales y recientemente fundaron el Museo Nacional y Acuario Wonders of Wildlife en Springfield, Missouri. El Premio Dan W. Lufkin por Liderazgo Ambiental se le otorg\u00f3 este a\u00f1o al Dr. J. Drew Lanham por dedicar toda su vida a la protecci\u00f3n del medio ambiente y por la magn\u00edfica labor que ha llevado a cabo los \u00faltimos 20 a\u00f1os en la Universidad de Clemson. Algunos de los distinguidos invitados que asistieron al evento fueron David Yarnold, Johnny Morris, Jane Alexander, John Anderson, Coleman Burke, Sasha DiGiulian, Joe Ellis, David B. Ford, Carlotta Kohl, Dan Lufkin, Grainger McKoy, Floride McKoy, Allison Rockefeller, Simon Roosevelt y Lili Taylor, entre otros. <\/p>\n","protected":false},"author":58,"featured_media":58742,"comment_status":"closed","ping_status":"closed","sticky":false,"template":"","format":"standard","meta":{"_acf_changed":false,"footnotes":""},"categories":[6099],"tags":[],"class_list":["post-19638","post","type-post","status-publish","format-standard","has-post-thumbnail","hentry","category-eventos-sociales","category-6099","description-off"],"acf":[],"yoast_head":"<!-- This site is optimized with the Yoast SEO Premium plugin v27.4 (Yoast SEO v28.1) - https:\/\/yoast.com\/product\/yoast-seo-premium-wordpress\/ -->\n<title>La National Audubon Society celebra su gala Audubon 2019 por el medioambiente - AzureAzure.com<\/title>\n<meta name=\"description\" content=\"Conoce todos los detalles de la gala anual Audubon 2019 que la National Audubon Society organiz\u00f3 en el hotel Plaza de Manhattan con invitados de lujo.\" \/>\n<meta name=\"robots\" content=\"index, follow, max-snippet:-1, max-image-preview:large, max-video-preview:-1\" \/>\n<link rel=\"canonical\" href=\"https:\/\/www.azureazure.com\/es\/eventos-sociales\/la-national-audubon-society-celebra-su-gala-audobon-2019-a-beneficio-de-la-conservacion-ambiental\/\" \/>\n<meta property=\"og:locale\" content=\"es_ES\" \/>\n<meta property=\"og:type\" content=\"article\" \/>\n<meta property=\"og:title\" content=\"La National Audubon Society celebra su gala Audubon 2019 por el medioambiente\" \/>\n<meta property=\"og:description\" content=\"Conoce todos los detalles de la gala anual Audubon 2019 que la National Audubon Society organiz\u00f3 en el hotel Plaza de Manhattan con invitados de lujo.\" \/>\n<meta property=\"og:url\" content=\"https:\/\/www.azureazure.com\/es\/eventos-sociales\/la-national-audubon-society-celebra-su-gala-audobon-2019-a-beneficio-de-la-conservacion-ambiental\/\" \/>\n<meta property=\"og:site_name\" content=\"AzureAzure.com\" \/>\n<meta property=\"article:published_time\" content=\"2019-03-01T05:00:00+00:00\" \/>\n<meta property=\"article:modified_time\" content=\"2019-11-25T19:59:00+00:00\" \/>\n<meta property=\"og:image\" content=\"https:\/\/www.azureazure.com\/wp-content\/uploads\/2019\/03\/aw_79338_Lili-Taylor-David-Yarnold-John-Anderson-Johnny-Morris-e1574711084583.jpg\" \/>\n\t<meta property=\"og:image:width\" content=\"2670\" \/>\n\t<meta property=\"og:image:height\" content=\"2297\" \/>\n\t<meta property=\"og:image:type\" content=\"image\/jpeg\" \/>\n<meta name=\"author\" content=\"Evento\" \/>\n<meta name=\"twitter:card\" content=\"summary_large_image\" \/>\n<meta name=\"twitter:label1\" content=\"Escrito por\" \/>\n\t<meta name=\"twitter:data1\" content=\"Evento\" \/>\n\t<meta name=\"twitter:label2\" content=\"Tiempo de lectura\" \/>\n\t<meta name=\"twitter:data2\" content=\"1 minuto\" \/>\n<script type=\"application\/ld+json\" class=\"yoast-schema-graph\">{\"@context\":\"https:\\\/\\\/schema.org\",\"@graph\":[{\"@type\":\"Article\",\"@id\":\"https:\\\/\\\/www.azureazure.com\\\/es\\\/eventos-sociales\\\/la-national-audubon-society-celebra-su-gala-audobon-2019-a-beneficio-de-la-conservacion-ambiental\\\/#article\",\"isPartOf\":{\"@id\":\"https:\\\/\\\/www.azureazure.com\\\/es\\\/eventos-sociales\\\/la-national-audubon-society-celebra-su-gala-audobon-2019-a-beneficio-de-la-conservacion-ambiental\\\/\"},\"author\":{\"name\":\"Evento\",\"@id\":\"https:\\\/\\\/www.azureazure.com\\\/es\\\/#\\\/schema\\\/person\\\/583d9112f61155c1c2a374f5d49317d2\"},\"headline\":\"La National Audubon Society celebra su gala Audubon 2019 por el medioambiente\",\"datePublished\":\"2019-03-01T05:00:00+00:00\",\"dateModified\":\"2019-11-25T19:59:00+00:00\",\"mainEntityOfPage\":{\"@id\":\"https:\\\/\\\/www.azureazure.com\\\/es\\\/eventos-sociales\\\/la-national-audubon-society-celebra-su-gala-audobon-2019-a-beneficio-de-la-conservacion-ambiental\\\/\"},\"wordCount\":184,\"image\":{\"@id\":\"https:\\\/\\\/www.azureazure.com\\\/es\\\/eventos-sociales\\\/la-national-audubon-society-celebra-su-gala-audobon-2019-a-beneficio-de-la-conservacion-ambiental\\\/#primaryimage\"},\"thumbnailUrl\":\"https:\\\/\\\/www.azureazure.com\\\/wp-content\\\/uploads\\\/2019\\\/03\\\/aw_79338_Lili-Taylor-David-Yarnold-John-Anderson-Johnny-Morris-e1574711084583.jpg\",\"articleSection\":[\"Eventos Sociales\"],\"inLanguage\":\"es\"},{\"@type\":\"WebPage\",\"@id\":\"https:\\\/\\\/www.azureazure.com\\\/es\\\/eventos-sociales\\\/la-national-audubon-society-celebra-su-gala-audobon-2019-a-beneficio-de-la-conservacion-ambiental\\\/\",\"url\":\"https:\\\/\\\/www.azureazure.com\\\/es\\\/eventos-sociales\\\/la-national-audubon-society-celebra-su-gala-audobon-2019-a-beneficio-de-la-conservacion-ambiental\\\/\",\"name\":\"La National Audubon Society celebra su gala Audubon 2019 por el medioambiente - AzureAzure.com\",\"isPartOf\":{\"@id\":\"https:\\\/\\\/www.azureazure.com\\\/es\\\/#website\"},\"primaryImageOfPage\":{\"@id\":\"https:\\\/\\\/www.azureazure.com\\\/es\\\/eventos-sociales\\\/la-national-audubon-society-celebra-su-gala-audobon-2019-a-beneficio-de-la-conservacion-ambiental\\\/#primaryimage\"},\"image\":{\"@id\":\"https:\\\/\\\/www.azureazure.com\\\/es\\\/eventos-sociales\\\/la-national-audubon-society-celebra-su-gala-audobon-2019-a-beneficio-de-la-conservacion-ambiental\\\/#primaryimage\"},\"thumbnailUrl\":\"https:\\\/\\\/www.azureazure.com\\\/wp-content\\\/uploads\\\/2019\\\/03\\\/aw_79338_Lili-Taylor-David-Yarnold-John-Anderson-Johnny-Morris-e1574711084583.jpg\",\"datePublished\":\"2019-03-01T05:00:00+00:00\",\"dateModified\":\"2019-11-25T19:59:00+00:00\",\"author\":{\"@id\":\"https:\\\/\\\/www.azureazure.com\\\/es\\\/#\\\/schema\\\/person\\\/583d9112f61155c1c2a374f5d49317d2\"},\"description\":\"Conoce todos los detalles de la gala anual Audubon 2019 que la National Audubon Society organiz\u00f3 en el hotel Plaza de Manhattan con invitados de lujo.\",\"breadcrumb\":{\"@id\":\"https:\\\/\\\/www.azureazure.com\\\/es\\\/eventos-sociales\\\/la-national-audubon-society-celebra-su-gala-audobon-2019-a-beneficio-de-la-conservacion-ambiental\\\/#breadcrumb\"},\"inLanguage\":\"es\",\"potentialAction\":[{\"@type\":\"ReadAction\",\"target\":[\"https:\\\/\\\/www.azureazure.com\\\/es\\\/eventos-sociales\\\/la-national-audubon-society-celebra-su-gala-audobon-2019-a-beneficio-de-la-conservacion-ambiental\\\/\"]}]},{\"@type\":\"ImageObject\",\"inLanguage\":\"es\",\"@id\":\"https:\\\/\\\/www.azureazure.com\\\/es\\\/eventos-sociales\\\/la-national-audubon-society-celebra-su-gala-audobon-2019-a-beneficio-de-la-conservacion-ambiental\\\/#primaryimage\",\"url\":\"https:\\\/\\\/www.azureazure.com\\\/wp-content\\\/uploads\\\/2019\\\/03\\\/aw_79338_Lili-Taylor-David-Yarnold-John-Anderson-Johnny-Morris-e1574711084583.jpg\",\"contentUrl\":\"https:\\\/\\\/www.azureazure.com\\\/wp-content\\\/uploads\\\/2019\\\/03\\\/aw_79338_Lili-Taylor-David-Yarnold-John-Anderson-Johnny-Morris-e1574711084583.jpg\",\"width\":2670,\"height\":2297},{\"@type\":\"BreadcrumbList\",\"@id\":\"https:\\\/\\\/www.azureazure.com\\\/es\\\/eventos-sociales\\\/la-national-audubon-society-celebra-su-gala-audobon-2019-a-beneficio-de-la-conservacion-ambiental\\\/#breadcrumb\",\"itemListElement\":[{\"@type\":\"ListItem\",\"position\":1,\"name\":\"Home\",\"item\":\"https:\\\/\\\/www.azureazure.com\\\/es\\\/\"},{\"@type\":\"ListItem\",\"position\":2,\"name\":\"La National Audubon Society celebra su gala Audubon 2019 por el medioambiente\"}]},{\"@type\":\"WebSite\",\"@id\":\"https:\\\/\\\/www.azureazure.com\\\/es\\\/#website\",\"url\":\"https:\\\/\\\/www.azureazure.com\\\/es\\\/\",\"name\":\"AzureAzure.com\",\"description\":\"Luxury Global Magazine\",\"potentialAction\":[{\"@type\":\"SearchAction\",\"target\":{\"@type\":\"EntryPoint\",\"urlTemplate\":\"https:\\\/\\\/www.azureazure.com\\\/es\\\/?s={search_term_string}\"},\"query-input\":{\"@type\":\"PropertyValueSpecification\",\"valueRequired\":true,\"valueName\":\"search_term_string\"}}],\"inLanguage\":\"es\"},{\"@type\":\"Person\",\"@id\":\"https:\\\/\\\/www.azureazure.com\\\/es\\\/#\\\/schema\\\/person\\\/583d9112f61155c1c2a374f5d49317d2\",\"name\":\"Evento\",\"image\":{\"@type\":\"ImageObject\",\"inLanguage\":\"es\",\"@id\":\"https:\\\/\\\/secure.gravatar.com\\\/avatar\\\/1703dd3effae0e36f264973b41ce18bebe78f87ebcbe5cb2a5efac1a13fe6b3c?s=96&d=mm&r=g\",\"url\":\"https:\\\/\\\/secure.gravatar.com\\\/avatar\\\/1703dd3effae0e36f264973b41ce18bebe78f87ebcbe5cb2a5efac1a13fe6b3c?s=96&d=mm&r=g\",\"contentUrl\":\"https:\\\/\\\/secure.gravatar.com\\\/avatar\\\/1703dd3effae0e36f264973b41ce18bebe78f87ebcbe5cb2a5efac1a13fe6b3c?s=96&d=mm&r=g\",\"caption\":\"Evento\"},\"url\":\"https:\\\/\\\/www.azureazure.com\\\/es\\\/author\\\/evento\\\/\"}]}<\/script>\n<!-- \/ Yoast SEO Premium plugin. -->","yoast_head_json":{"title":"La National Audubon Society celebra su gala Audubon 2019 por el medioambiente - AzureAzure.com","description":"Conoce todos los detalles de la gala anual Audubon 2019 que la National Audubon Society organiz\u00f3 en el hotel Plaza de Manhattan con invitados de lujo.","robots":{"index":"index","follow":"follow","max-snippet":"max-snippet:-1","max-image-preview":"max-image-preview:large","max-video-preview":"max-video-preview:-1"},"canonical":"https:\/\/www.azureazure.com\/es\/eventos-sociales\/la-national-audubon-society-celebra-su-gala-audobon-2019-a-beneficio-de-la-conservacion-ambiental\/","og_locale":"es_ES","og_type":"article","og_title":"La National Audubon Society celebra su gala Audubon 2019 por el medioambiente","og_description":"Conoce todos los detalles de la gala anual Audubon 2019 que la National Audubon Society organiz\u00f3 en el hotel Plaza de Manhattan con invitados de lujo.","og_url":"https:\/\/www.azureazure.com\/es\/eventos-sociales\/la-national-audubon-society-celebra-su-gala-audobon-2019-a-beneficio-de-la-conservacion-ambiental\/","og_site_name":"AzureAzure.com","article_published_time":"2019-03-01T05:00:00+00:00","article_modified_time":"2019-11-25T19:59:00+00:00","og_image":[{"width":2670,"height":2297,"url":"https:\/\/www.azureazure.com\/wp-content\/uploads\/2019\/03\/aw_79338_Lili-Taylor-David-Yarnold-John-Anderson-Johnny-Morris-e1574711084583.jpg","type":"image\/jpeg"}],"author":"Evento","twitter_card":"summary_large_image","twitter_misc":{"Escrito por":"Evento","Tiempo de lectura":"1 minuto"},"schema":{"@context":"https:\/\/schema.org","@graph":[{"@type":"Article","@id":"https:\/\/www.azureazure.com\/es\/eventos-sociales\/la-national-audubon-society-celebra-su-gala-audobon-2019-a-beneficio-de-la-conservacion-ambiental\/#article","isPartOf":{"@id":"https:\/\/www.azureazure.com\/es\/eventos-sociales\/la-national-audubon-society-celebra-su-gala-audobon-2019-a-beneficio-de-la-conservacion-ambiental\/"},"author":{"name":"Evento","@id":"https:\/\/www.azureazure.com\/es\/#\/schema\/person\/583d9112f61155c1c2a374f5d49317d2"},"headline":"La National Audubon Society celebra su gala Audubon 2019 por el medioambiente","datePublished":"2019-03-01T05:00:00+00:00","dateModified":"2019-11-25T19:59:00+00:00","mainEntityOfPage":{"@id":"https:\/\/www.azureazure.com\/es\/eventos-sociales\/la-national-audubon-society-celebra-su-gala-audobon-2019-a-beneficio-de-la-conservacion-ambiental\/"},"wordCount":184,"image":{"@id":"https:\/\/www.azureazure.com\/es\/eventos-sociales\/la-national-audubon-society-celebra-su-gala-audobon-2019-a-beneficio-de-la-conservacion-ambiental\/#primaryimage"},"thumbnailUrl":"https:\/\/www.azureazure.com\/wp-content\/uploads\/2019\/03\/aw_79338_Lili-Taylor-David-Yarnold-John-Anderson-Johnny-Morris-e1574711084583.jpg","articleSection":["Eventos Sociales"],"inLanguage":"es"},{"@type":"WebPage","@id":"https:\/\/www.azureazure.com\/es\/eventos-sociales\/la-national-audubon-society-celebra-su-gala-audobon-2019-a-beneficio-de-la-conservacion-ambiental\/","url":"https:\/\/www.azureazure.com\/es\/eventos-sociales\/la-national-audubon-society-celebra-su-gala-audobon-2019-a-beneficio-de-la-conservacion-ambiental\/","name":"La National Audubon Society celebra su gala Audubon 2019 por el medioambiente - AzureAzure.com","isPartOf":{"@id":"https:\/\/www.azureazure.com\/es\/#website"},"primaryImageOfPage":{"@id":"https:\/\/www.azureazure.com\/es\/eventos-sociales\/la-national-audubon-society-celebra-su-gala-audobon-2019-a-beneficio-de-la-conservacion-ambiental\/#primaryimage"},"image":{"@id":"https:\/\/www.azureazure.com\/es\/eventos-sociales\/la-national-audubon-society-celebra-su-gala-audobon-2019-a-beneficio-de-la-conservacion-ambiental\/#primaryimage"},"thumbnailUrl":"https:\/\/www.azureazure.com\/wp-content\/uploads\/2019\/03\/aw_79338_Lili-Taylor-David-Yarnold-John-Anderson-Johnny-Morris-e1574711084583.jpg","datePublished":"2019-03-01T05:00:00+00:00","dateModified":"2019-11-25T19:59:00+00:00","author":{"@id":"https:\/\/www.azureazure.com\/es\/#\/schema\/person\/583d9112f61155c1c2a374f5d49317d2"},"description":"Conoce todos los detalles de la gala anual Audubon 2019 que la National Audubon Society organiz\u00f3 en el hotel Plaza de Manhattan con invitados de lujo.","breadcrumb":{"@id":"https:\/\/www.azureazure.com\/es\/eventos-sociales\/la-national-audubon-society-celebra-su-gala-audobon-2019-a-beneficio-de-la-conservacion-ambiental\/#breadcrumb"},"inLanguage":"es","potentialAction":[{"@type":"ReadAction","target":["https:\/\/www.azureazure.com\/es\/eventos-sociales\/la-national-audubon-society-celebra-su-gala-audobon-2019-a-beneficio-de-la-conservacion-ambiental\/"]}]},{"@type":"ImageObject","inLanguage":"es","@id":"https:\/\/www.azureazure.com\/es\/eventos-sociales\/la-national-audubon-society-celebra-su-gala-audobon-2019-a-beneficio-de-la-conservacion-ambiental\/#primaryimage","url":"https:\/\/www.azureazure.com\/wp-content\/uploads\/2019\/03\/aw_79338_Lili-Taylor-David-Yarnold-John-Anderson-Johnny-Morris-e1574711084583.jpg","contentUrl":"https:\/\/www.azureazure.com\/wp-content\/uploads\/2019\/03\/aw_79338_Lili-Taylor-David-Yarnold-John-Anderson-Johnny-Morris-e1574711084583.jpg","width":2670,"height":2297},{"@type":"BreadcrumbList","@id":"https:\/\/www.azureazure.com\/es\/eventos-sociales\/la-national-audubon-society-celebra-su-gala-audobon-2019-a-beneficio-de-la-conservacion-ambiental\/#breadcrumb","itemListElement":[{"@type":"ListItem","position":1,"name":"Home","item":"https:\/\/www.azureazure.com\/es\/"},{"@type":"ListItem","position":2,"name":"La National Audubon Society celebra su gala Audubon 2019 por el medioambiente"}]},{"@type":"WebSite","@id":"https:\/\/www.azureazure.com\/es\/#website","url":"https:\/\/www.azureazure.com\/es\/","name":"AzureAzure.com","description":"Luxury Global Magazine","potentialAction":[{"@type":"SearchAction","target":{"@type":"EntryPoint","urlTemplate":"https:\/\/www.azureazure.com\/es\/?s={search_term_string}"},"query-input":{"@type":"PropertyValueSpecification","valueRequired":true,"valueName":"search_term_string"}}],"inLanguage":"es"},{"@type":"Person","@id":"https:\/\/www.azureazure.com\/es\/#\/schema\/person\/583d9112f61155c1c2a374f5d49317d2","name":"Evento","image":{"@type":"ImageObject","inLanguage":"es","@id":"https:\/\/secure.gravatar.com\/avatar\/1703dd3effae0e36f264973b41ce18bebe78f87ebcbe5cb2a5efac1a13fe6b3c?s=96&d=mm&r=g","url":"https:\/\/secure.gravatar.com\/avatar\/1703dd3effae0e36f264973b41ce18bebe78f87ebcbe5cb2a5efac1a13fe6b3c?s=96&d=mm&r=g","contentUrl":"https:\/\/secure.gravatar.com\/avatar\/1703dd3effae0e36f264973b41ce18bebe78f87ebcbe5cb2a5efac1a13fe6b3c?s=96&d=mm&r=g","caption":"Evento"},"url":"https:\/\/www.azureazure.com\/es\/author\/evento\/"}]}},"_links":{"self":[{"href":"https:\/\/www.azureazure.com\/es\/wp-json\/wp\/v2\/posts\/19638","targetHints":{"allow":["GET"]}}],"collection":[{"href":"https:\/\/www.azureazure.com\/es\/wp-json\/wp\/v2\/posts"}],"about":[{"href":"https:\/\/www.azureazure.com\/es\/wp-json\/wp\/v2\/types\/post"}],"author":[{"embeddable":true,"href":"https:\/\/www.azureazure.com\/es\/wp-json\/wp\/v2\/users\/58"}],"replies":[{"embeddable":true,"href":"https:\/\/www.azureazure.com\/es\/wp-json\/wp\/v2\/comments?post=19638"}],"version-history":[{"count":0,"href":"https:\/\/www.azureazure.com\/es\/wp-json\/wp\/v2\/posts\/19638\/revisions"}],"wp:featuredmedia":[{"embeddable":true,"href":"https:\/\/www.azureazure.com\/es\/wp-json\/wp\/v2\/media\/58742"}],"wp:attachment":[{"href":"https:\/\/www.azureazure.com\/es\/wp-json\/wp\/v2\/media?parent=19638"}],"wp:term":[{"taxonomy":"category","embeddable":true,"href":"https:\/\/www.azureazure.com\/es\/wp-json\/wp\/v2\/categories?post=19638"},{"taxonomy":"post_tag","embeddable":true,"href":"https:\/\/www.azureazure.com\/es\/wp-json\/wp\/v2\/tags?post=19638"}],"curies":[{"name":"wp","href":"https:\/\/api.w.org\/{rel}","templated":true}]}}